{"id":9299157,"date":"2015-03-25T07:14:23","date_gmt":"2015-03-25T07:14:23","guid":{"rendered":"https:\/\/www.upo.es\/diario\/?p=9299157"},"modified":"2015-03-25T09:59:33","modified_gmt":"2015-03-25T09:59:33","slug":"hoy-se-presenta-en-la-upo-el-programa-talentum-startups-para-practicas-en-empresas-tecnologicas","status":"publish","type":"post","link":"https:\/\/www.upo.es\/diario\/institucional\/2015\/03\/hoy-se-presenta-en-la-upo-el-programa-talentum-startups-para-practicas-en-empresas-tecnologicas\/","title":{"rendered":"Hoy se presenta en la UPO el Programa Talentum Startups para pr\u00e1cticas en empresas tecnol\u00f3gicas"},"content":{"rendered":"<p>Hoy mi\u00e9rcoles, a las 12 horas en la sala de grados de la Biblioteca de la Universidad Pablo de Olavide, se presentar\u00e1 el programa Talentum Startups, <strong>iniciativa lanzada conjuntamente por la Junta de Andaluc\u00eda y Telef\u00f3nica<\/strong>, enmarcada en el proyecto Andaluc\u00eda Open Future. El acto ser\u00e1 inaugurado por el rector de la UPO, Vicente Guzm\u00e1n, y el programa ser\u00e1 presentado por Mar\u00eda Jes\u00fas Almazor, directora del Territorio Sur de Telef\u00f3nica Espa\u00f1a, acompa\u00f1ados por Jes\u00fas Aguilar, director de la Escuela Polit\u00e9cnica Superior de la UPO.<\/p>\n<p>Esta iniciativa consiste en un programa de becas dirigido a estudiantes universitarios de carreras tecnol\u00f3gicas de Andaluc\u00eda para la realizaci\u00f3n de pr\u00e1cticas en empresas tecnol\u00f3gicas de nueva creaci\u00f3n.<\/p>\n<p>Para finalizar el acto de presentaci\u00f3n, a las 12.30 horas, los organizadores realizar\u00e1n la primera prueba de selecci\u00f3n in situ al alumnado que desee optar a las becas.<\/p>\n<p>El proyecto Andaluc\u00eda Open Future, impulsado por la Junta de Andaluc\u00eda y Telef\u00f3nica, tiene como objetivo dar apoyo y ayudar a desarrollar el emprendimiento basado en la innovaci\u00f3n.<\/p>\n<p>M\u00e1s informaci\u00f3n en: <a href=\"https:\/\/andalucia.openfuture.org\/talentum\">https:\/\/andalucia.openfuture.org\/talentum<\/a><\/p>\n<p>&nbsp;<\/p>\n<p align=\"center\"><b>PROGRAMA<\/b><b>\u00a0<\/b><\/p>\n<p align=\"center\"><b>Presentaci\u00f3n del programa Talentum Startups<\/b><\/p>\n<p align=\"center\"><b>25 de marzo de 2015<\/b><\/p>\n<p align=\"center\"><b>Sala de grados de la Biblioteca \u2013 Universidad Pablo de Olavide<\/b><\/p>\n<p><b>\u00a0<\/b><\/p>\n<p><b>12 horas. Bienvenida<\/b><\/p>\n<p>Vicente Carlos Guzm\u00e1n, rector de la Universidad Pablo de Olavide.<\/p>\n<p><b>12.15 horas. Presentaci\u00f3n del programa.<\/b><\/p>\n<p>Mar\u00eda Jes\u00fas Almazor, directora del Territorio Sur de Telef\u00f3nica Espa\u00f1a.<\/p>\n<p>Vicente Fern\u00e1ndez, secretario general de Innovaci\u00f3n, Industria y Energ\u00eda de la Junta de Andaluc\u00eda.<\/p>\n<p><b>12:30 horas. Prueba.<\/b><\/p>\n<p><b>\u00a0<\/b><\/p>\n<p align=\"center\"><b>\u00a0<\/b><\/p>\n","protected":false},"excerpt":{"rendered":"<p>Hoy mi\u00e9rcoles, a las 12 horas en la sala de grados de la Biblioteca de la Universidad Pablo de Olavide, se presentar\u00e1 el programa Talentum Startups, iniciativa lanzada conjuntamente por la Junta de Andaluc\u00eda y Telef\u00f3nica, enmarcada en el proyecto Andaluc\u00eda Open Future. <\/p>\n","protected":false},"author":2,"featured_media":0,"comment_status":"closed","ping_status":"open","sticky":false,"template":"","format":"standard","meta":{"_monsterinsights_skip_tracking":false,"_monsterinsights_sitenote_active":false,"_monsterinsights_sitenote_note":"","_monsterinsights_sitenote_category":0,"footnotes":""},"categories":[6],"tags":[588,80,203,1367,1224,928],"class_list":["post-9299157","post","type-post","status-publish","format-standard","hentry","category-institucional","tag-emprendedor","tag-emprendedores","tag-junta-de-andalucia","tag-programa-talentum-startups","tag-tecnologia","tag-telefonica"],"_links":{"self":[{"href":"https:\/\/www.upo.es\/diario\/wp-json\/wp\/v2\/posts\/9299157","targetHints":{"allow":["GET"]}}],"collection":[{"href":"https:\/\/www.upo.es\/diario\/wp-json\/wp\/v2\/posts"}],"about":[{"href":"https:\/\/www.upo.es\/diario\/wp-json\/wp\/v2\/types\/post"}],"author":[{"embeddable":true,"href":"https:\/\/www.upo.es\/diario\/wp-json\/wp\/v2\/users\/2"}],"replies":[{"embeddable":true,"href":"https:\/\/www.upo.es\/diario\/wp-json\/wp\/v2\/comments?post=9299157"}],"version-history":[{"count":5,"href":"https:\/\/www.upo.es\/diario\/wp-json\/wp\/v2\/posts\/9299157\/revisions"}],"predecessor-version":[{"id":9301866,"href":"https:\/\/www.upo.es\/diario\/wp-json\/wp\/v2\/posts\/9299157\/revisions\/9301866"}],"wp:attachment":[{"href":"https:\/\/www.upo.es\/diario\/wp-json\/wp\/v2\/media?parent=9299157"}],"wp:term":[{"taxonomy":"category","embeddable":true,"href":"https:\/\/www.upo.es\/diario\/wp-json\/wp\/v2\/categories?post=9299157"},{"taxonomy":"post_tag","embeddable":true,"href":"https:\/\/www.upo.es\/diario\/wp-json\/wp\/v2\/tags?post=9299157"}],"curies":[{"name":"wp","href":"https:\/\/api.w.org\/{rel}","templated":true}]}}