{"id":9304590,"date":"2015-03-26T06:45:05","date_gmt":"2015-03-26T06:45:05","guid":{"rendered":"https:\/\/www.upo.es\/diario\/?p=9304590"},"modified":"2015-03-26T07:16:38","modified_gmt":"2015-03-26T07:16:38","slug":"universitarios-de-la-pablo-de-olavide-optan-a-una-nueva-convocatoria-de-las-becas-talentum-startups","status":"publish","type":"post","link":"https:\/\/www.upo.es\/diario\/institucional\/2015\/03\/universitarios-de-la-pablo-de-olavide-optan-a-una-nueva-convocatoria-de-las-becas-talentum-startups\/","title":{"rendered":"Universitarios de la Pablo de Olavide optan a una nueva convocatoria de las becas \u201cTalentum Startups\u201d"},"content":{"rendered":"<figure id=\"attachment_9304591\" aria-describedby=\"caption-attachment-9304591\" style=\"width: 600px\" class=\"wp-caption aligncenter\"><a href=\"https:\/\/www.upo.es\/diario\/wp-content\/uploads\/2015\/03\/Talentum-Starups_UPO_1.jpg\"><img loading=\"lazy\" decoding=\"async\" class=\"size-large wp-image-9304591\" alt=\"Mar\u00eda Jes\u00fas Almazor, directora del Territorio Sur de Telef\u00f3nica Espa\u00f1a; Vicente Guzm\u00e1n, rector de la Universidad Pablo de Olavide, y Jes\u00fas Aguilar, director de la Escuela Polit\u00e9cnica Superior\" src=\"https:\/\/www.upo.es\/diario\/wp-content\/uploads\/2015\/03\/Talentum-Starups_UPO_1-600x400.jpg\" width=\"600\" height=\"400\" srcset=\"https:\/\/www.upo.es\/diario\/wp-content\/uploads\/2015\/03\/Talentum-Starups_UPO_1-600x400.jpg 600w, https:\/\/www.upo.es\/diario\/wp-content\/uploads\/2015\/03\/Talentum-Starups_UPO_1-320x213.jpg 320w\" sizes=\"auto, (max-width: 600px) 100vw, 600px\" \/><\/a><figcaption id=\"caption-attachment-9304591\" class=\"wp-caption-text\">Mar\u00eda Jes\u00fas Almazor, directora del Territorio Sur de Telef\u00f3nica Espa\u00f1a; Vicente Guzm\u00e1n, rector de la Universidad Pablo de Olavide, y Jes\u00fas Aguilar, director de la Escuela Polit\u00e9cnica Superior<\/figcaption><\/figure>\n<p>La directora del Territorio Sur de Telef\u00f3nica, <strong>Mar\u00eda Jes\u00fas Almazor<\/strong>, y el rector de la Universidad Pablo de Olavide de Sevilla, <strong>Vicente Guzm\u00e1n<\/strong>, junto al director de la Escuela Polit\u00e9cnica Superior, Jes\u00fas Aguilar, presentaron ayer la<strong> segunda convocatoria de las becas \u201cTalentum Startups\u201d<\/strong> para estudiantes de esta universidad. Antes de la presentaci\u00f3n de esta iniciativa de la Junta de Andaluc\u00eda y de Telef\u00f3nica, se ha guardado un minuto de silencio por las v\u00edctimas del accidente a\u00e9reo en los Alpes franceses.<\/p>\n<p>\u00c9sta es la segunda convocatoria de becas \u201cTalentum Startups\u201d dirigida a j\u00f3venes universitarios de carreras TIC de esta universidad p\u00fablica, con el objeto de realizar pr\u00e1cticas en empresas tecnol\u00f3gicas con un modelo de negocio de r\u00e1pida y alta proyecci\u00f3n (startups). Hasta la fecha, son ya casi 30 los universitarios sevillanos, de los m\u00e1s de 150 de toda Andaluc\u00eda, que ya se han incorporado a su plaza en una startup.<\/p>\n<p>Durante un periodo comprendido entre los 3 y los 6 meses, los becados reciben una dotaci\u00f3n econ\u00f3mica, adem\u00e1s de experiencia profesional adquirida en entornos din\u00e1micos que favorecer\u00e1n su inserci\u00f3n laboral. Por su parte, las startups se ven beneficiadas con la aportaci\u00f3n de los universitarios al impulso de sus desarrollos tecnol\u00f3gicos, potenciando la viabilidad y escalabilidad de sus soluciones.<\/p>\n<p>En concreto, los centros de aceleraci\u00f3n de proyectos sevillanos interesados en incorporar nuevos universitarios tras esta convocatoria son Proyecto Lunar, el Centro de Apoyo al Desarrollo Empresarial (CADE) de Tomares y la Tecnoincubadora de Sevilla, todos iniciativas de Andaluc\u00eda Emprende, Fundaci\u00f3n P\u00fablica Andaluza. Estos proyectos ofertar\u00e1n hasta 10 plazas para los becados cuyas pr\u00e1cticas comenzar\u00e1n a partir de abril y mayo.<\/p>\n<p>Durante esta jornada, los estudiantes interesados han podido realizar de forma presencial la primera prueba escrita. M\u00e1s adelante, se les realizar\u00e1 otra entrevista personal para la selecci\u00f3n definitiva de los beneficiarios, a los que se asigna el centro de aceleraci\u00f3n de empresas en el que realizar\u00e1n las pr\u00e1cticas.<\/p>\n<p>Estas becas forman parte de las actuaciones impulsadas por Junta de Andaluc\u00eda y Telef\u00f3nica en el marco de \u00b4Andaluc\u00eda Open Future\u201d, iniciativa puesta en marcha la promoci\u00f3n de la cultura emprendedora de base innovadora, a la que recientemente, se han adherido las diez universidades p\u00fablicas andaluzas. A trav\u00e9s de esta adhesi\u00f3n, cada universidad se compromete a dar cobertura a estas becas, con actuaciones ya puestas en marcha, o programas espec\u00edficos creados a ra\u00edz de su compromiso con la iniciativa.<\/p>\n<p>Adem\u00e1s de la convocatoria estas becas de formaci\u00f3n en empresas, la iniciativa \u2018Andaluc\u00eda Open Future\u2019 contempla otras 600 becas de postgrado (de las que ya se han concedido 250) as\u00ed como la puesta en marcha de centros de excelencia para el emprendimiento en diversas ciudades andaluzas como el que se abri\u00f3 en junio de 2014 en Sevilla (El Cubo), que tiene alojadas a trece empresas.<\/p>\n<p><b>Andaluc\u00eda Open Future<\/b><\/p>\n<p>Andaluc\u00eda Open Future es un gran acuerdo regional de colaboraci\u00f3n p\u00fablico privada que involucra a la administraci\u00f3n andaluza, a las grandes empresas y a las pymes, a las asociaciones empresariales, a las entidades financieras, universidades y a otros agentes sociales, en un objetivo com\u00fan: crear un ecosistema que favorezca el impulso del Emprendimiento Basado en la Innovaci\u00f3n (EBI) en Andaluc\u00eda.<\/p>\n","protected":false},"excerpt":{"rendered":"<p>La directora del Territorio Sur de Telef\u00f3nica, Mar\u00eda Jes\u00fas Almazor, y el rector de la Universidad Pablo de Olavide de Sevilla, Vicente Guzm\u00e1n, junto al director de la Escuela Polit\u00e9cnica Superior, Jes\u00fas Aguilar, han presentado  la segunda convocatoria de las becas \u201cTalentum Startups\u201d para estudiantes de esta universidad. Antes de la presentaci\u00f3n de esta iniciativa de la Junta de Andaluc\u00eda y de Telef\u00f3nica, se ha guardado un minuto de silencio por las v\u00edctimas del accidente a\u00e9reo en los Alpes franceses.<\/p>\n","protected":false},"author":6,"featured_media":0,"comment_status":"closed","ping_status":"open","sticky":false,"template":"","format":"standard","meta":{"_monsterinsights_skip_tracking":false,"_monsterinsights_sitenote_active":false,"_monsterinsights_sitenote_note":"","_monsterinsights_sitenote_category":0,"footnotes":""},"categories":[6],"tags":[64,1059,21,203,65,1367,38,928,393,106],"class_list":["post-9304590","post","type-post","status-publish","format-standard","hentry","category-institucional","tag-becas","tag-empresas","tag-estudiantes","tag-junta-de-andalucia","tag-practicas","tag-programa-talentum-startups","tag-rector","tag-telefonica","tag-tics","tag-vicente-c-guzman"],"_links":{"self":[{"href":"https:\/\/www.upo.es\/diario\/wp-json\/wp\/v2\/posts\/9304590","targetHints":{"allow":["GET"]}}],"collection":[{"href":"https:\/\/www.upo.es\/diario\/wp-json\/wp\/v2\/posts"}],"about":[{"href":"https:\/\/www.upo.es\/diario\/wp-json\/wp\/v2\/types\/post"}],"author":[{"embeddable":true,"href":"https:\/\/www.upo.es\/diario\/wp-json\/wp\/v2\/users\/6"}],"replies":[{"embeddable":true,"href":"https:\/\/www.upo.es\/diario\/wp-json\/wp\/v2\/comments?post=9304590"}],"version-history":[{"count":4,"href":"https:\/\/www.upo.es\/diario\/wp-json\/wp\/v2\/posts\/9304590\/revisions"}],"predecessor-version":[{"id":9320787,"href":"https:\/\/www.upo.es\/diario\/wp-json\/wp\/v2\/posts\/9304590\/revisions\/9320787"}],"wp:attachment":[{"href":"https:\/\/www.upo.es\/diario\/wp-json\/wp\/v2\/media?parent=9304590"}],"wp:term":[{"taxonomy":"category","embeddable":true,"href":"https:\/\/www.upo.es\/diario\/wp-json\/wp\/v2\/categories?post=9304590"},{"taxonomy":"post_tag","embeddable":true,"href":"https:\/\/www.upo.es\/diario\/wp-json\/wp\/v2\/tags?post=9304590"}],"curies":[{"name":"wp","href":"https:\/\/api.w.org\/{rel}","templated":true}]}}