{"id":9326181,"date":"2015-03-26T12:09:32","date_gmt":"2015-03-26T12:09:32","guid":{"rendered":"https:\/\/www.upo.es\/diario\/?p=9326181"},"modified":"2015-03-26T12:09:32","modified_gmt":"2015-03-26T12:09:32","slug":"la-fundacion-universidad-sociedad-de-la-upo-publica-la-primera-convocatoria-de-2015-de-practicas-praem-en-empresas","status":"publish","type":"post","link":"https:\/\/www.upo.es\/diario\/institucional\/2015\/03\/la-fundacion-universidad-sociedad-de-la-upo-publica-la-primera-convocatoria-de-2015-de-practicas-praem-en-empresas\/","title":{"rendered":"La Fundaci\u00f3n Universidad-Sociedad de la UPO publica la primera convocatoria de 2015 de pr\u00e1cticas Praem en empresas"},"content":{"rendered":"<p><a href=\"https:\/\/www.upo.es\/diario\/wp-content\/uploads\/2014\/11\/practicas-empresas-1.jpg\"><img loading=\"lazy\" decoding=\"async\" class=\"alignright size-medium wp-image-6785370\" alt=\"practicas-empresas-1\" src=\"https:\/\/www.upo.es\/diario\/wp-content\/uploads\/2014\/11\/practicas-empresas-1-240x320.jpg\" width=\"240\" height=\"320\" srcset=\"https:\/\/www.upo.es\/diario\/wp-content\/uploads\/2014\/11\/practicas-empresas-1-240x320.jpg 240w, https:\/\/www.upo.es\/diario\/wp-content\/uploads\/2014\/11\/practicas-empresas-1-450x600.jpg 450w, https:\/\/www.upo.es\/diario\/wp-content\/uploads\/2014\/11\/practicas-empresas-1.jpg 600w\" sizes=\"auto, (max-width: 240px) 100vw, 240px\" \/><\/a>La Fundaci\u00f3n Universidad-Sociedad de la Universidad Pablo de Olavide ha publicado la primera Convocatoria de 2015 de 30 becas Praem para la realizaci\u00f3n de pr\u00e1cticas formativas de estudiantes matriculados en las Universidades andaluzas. Dicho programa est\u00e1 gestionado por la Fundaci\u00f3n y cofinanciado por la Consejer\u00eda de Econom\u00eda, Innovaci\u00f3n, Ciencia y Empleo de la Junta de Andaluc\u00eda.<\/p>\n<p>Las becas est\u00e1n dirigidas principalmente a alumnos que est\u00e1n actualmente cursando sus estudios de grado, postgrado oficial y\/o doctorado en la Universidad Pablo de Olavide y que hayan superado al menos, el 50% de los cr\u00e9ditos totales de su titulaci\u00f3n.<\/p>\n<p>Para poder participar en esta convocatoria, todos los interesados deben registrarse en \u00cdCARO (<a href=\"http:\/\/icaro.ual.es\/upo\">http:\/\/icaro.ual.es\/upo<\/a>) y tener marcada la opci\u00f3n \u201cpr\u00e1cticas en empresas\u201d con car\u00e1cter previo a la publicaci\u00f3n de las ofertas de esta Convocatoria Praem 2015, donde podr\u00e1n inscribirse en aquellas pr\u00e1cticas que le interesen relacionadas con su titulaci\u00f3n.<\/p>\n<p>Asimismo, es imprescindible poseer la nacionalidad espa\u00f1ola o de un pa\u00eds miembro de la Uni\u00f3n Europea o extranjero residente en Espa\u00f1a en el momento de incorporarse a la empresa o instituci\u00f3n, manteniendo esta condici\u00f3n hasta la conclusi\u00f3n de las pr\u00e1cticas. Por otro lado, el solicitante tiene que ser menor de 30 a\u00f1os en el momento de inicio de las pr\u00e1cticas y no puede haber sido beneficiario de una beca de este programa en convocatorias anteriores.<\/p>\n<p>Estas pr\u00e1cticas tendr\u00e1n una duraci\u00f3n, preferentemente, no superior al 50% del curso acad\u00e9mico, no superando las 750 horas. Los horarios de realizaci\u00f3n de las mismas se establecer\u00e1n de acuerdo con sus caracter\u00edsticas y la disponibilidad de la entidad colaboradora, procurando que los mismos sean compatibles con la actividad acad\u00e9mica y formativa desarrollada por el estudiante.<\/p>\n<p>Estas pr\u00e1cticas no suponen vinculaci\u00f3n contractual con las empresas y los becarios est\u00e1n cubiertos por un seguro de responsabilidad civil y accidentes, suscrito por la Fundaci\u00f3n.<\/p>\n<p>M\u00e1s informaci\u00f3n en: <a href=\"http:\/\/bit.ly\/1ESHNbj\">http:\/\/bit.ly\/1ESHNbj<\/a><\/p>\n<p>&nbsp;<\/p>\n","protected":false},"excerpt":{"rendered":"<p>La Fundaci\u00f3n Universidad-Sociedad de la Universidad Pablo de Olavide ha publicado la primera Convocatoria de 2015 de 30 becas Praem para la realizaci\u00f3n de pr\u00e1cticas formativas de estudiantes matriculados en las Universidades andaluzas. Dicho programa est\u00e1 gestionado por la Fundaci\u00f3n y cofinanciado por la Consejer\u00eda de Econom\u00eda, Innovaci\u00f3n, Ciencia y Empleo de la Junta de Andaluc\u00eda. <\/p>\n","protected":false},"author":2,"featured_media":0,"comment_status":"closed","ping_status":"open","sticky":false,"template":"","format":"standard","meta":{"_monsterinsights_skip_tracking":false,"_monsterinsights_sitenote_active":false,"_monsterinsights_sitenote_note":"","_monsterinsights_sitenote_category":0,"footnotes":""},"categories":[6],"tags":[1059,21,1107,65],"class_list":["post-9326181","post","type-post","status-publish","format-standard","hentry","category-institucional","tag-empresas","tag-estudiantes","tag-fundacion-universidad-sociedad","tag-practicas"],"_links":{"self":[{"href":"https:\/\/www.upo.es\/diario\/wp-json\/wp\/v2\/posts\/9326181","targetHints":{"allow":["GET"]}}],"collection":[{"href":"https:\/\/www.upo.es\/diario\/wp-json\/wp\/v2\/posts"}],"about":[{"href":"https:\/\/www.upo.es\/diario\/wp-json\/wp\/v2\/types\/post"}],"author":[{"embeddable":true,"href":"https:\/\/www.upo.es\/diario\/wp-json\/wp\/v2\/users\/2"}],"replies":[{"embeddable":true,"href":"https:\/\/www.upo.es\/diario\/wp-json\/wp\/v2\/comments?post=9326181"}],"version-history":[{"count":2,"href":"https:\/\/www.upo.es\/diario\/wp-json\/wp\/v2\/posts\/9326181\/revisions"}],"predecessor-version":[{"id":9326183,"href":"https:\/\/www.upo.es\/diario\/wp-json\/wp\/v2\/posts\/9326181\/revisions\/9326183"}],"wp:attachment":[{"href":"https:\/\/www.upo.es\/diario\/wp-json\/wp\/v2\/media?parent=9326181"}],"wp:term":[{"taxonomy":"category","embeddable":true,"href":"https:\/\/www.upo.es\/diario\/wp-json\/wp\/v2\/categories?post=9326181"},{"taxonomy":"post_tag","embeddable":true,"href":"https:\/\/www.upo.es\/diario\/wp-json\/wp\/v2\/tags?post=9326181"}],"curies":[{"name":"wp","href":"https:\/\/api.w.org\/{rel}","templated":true}]}}