{"id":9346911,"date":"2015-03-27T11:08:56","date_gmt":"2015-03-27T11:08:56","guid":{"rendered":"https:\/\/www.upo.es\/diario\/?p=9346911"},"modified":"2015-03-27T11:08:56","modified_gmt":"2015-03-27T11:08:56","slug":"encuentro-institucional-entre-el-consul-de-cuba-en-andalucia-y-el-rector-de-la-universidad-pablo-de-olavide","status":"publish","type":"post","link":"https:\/\/www.upo.es\/diario\/institucional\/2015\/03\/encuentro-institucional-entre-el-consul-de-cuba-en-andalucia-y-el-rector-de-la-universidad-pablo-de-olavide\/","title":{"rendered":"Encuentro institucional entre el c\u00f3nsul de Cuba en Andaluc\u00eda y el rector de la Universidad Pablo de Olavide"},"content":{"rendered":"<figure id=\"attachment_9346912\" aria-describedby=\"caption-attachment-9346912\" style=\"width: 600px\" class=\"wp-caption aligncenter\"><a href=\"https:\/\/www.upo.es\/diario\/wp-content\/uploads\/2015\/03\/visita_consulcuba.jpg\"><img loading=\"lazy\" decoding=\"async\" class=\"size-large wp-image-9346912\" alt=\"De izquierda a derecha, el c\u00f3nsul Ulises Arranz Fern\u00e1ndez, H\u00e9ctor Hern\u00e1ndez Pardo y el rector de la UPO Vicente Guzm\u00e1n Fluja. \" src=\"https:\/\/www.upo.es\/diario\/wp-content\/uploads\/2015\/03\/visita_consulcuba-600x407.jpg\" width=\"600\" height=\"407\" srcset=\"https:\/\/www.upo.es\/diario\/wp-content\/uploads\/2015\/03\/visita_consulcuba-600x407.jpg 600w, https:\/\/www.upo.es\/diario\/wp-content\/uploads\/2015\/03\/visita_consulcuba-320x217.jpg 320w\" sizes=\"auto, (max-width: 600px) 100vw, 600px\" \/><\/a><figcaption id=\"caption-attachment-9346912\" class=\"wp-caption-text\">De izquierda a derecha, el c\u00f3nsul Ulises Arranz Fern\u00e1ndez, H\u00e9ctor Hern\u00e1ndez Pardo y el rector de la UPO Vicente Guzm\u00e1n Fluja.<\/figcaption><\/figure>\n<p>La Universidad Pablo de Olavide ha acogido el encuentro institucional entre el c\u00f3nsul general de Cuba para Andaluc\u00eda, Extremadura, Ceuta y Melilla, Ulises Arranz Fern\u00e1ndez, y el rector de la UPO, Vicente Guzm\u00e1n Fluja.<\/p>\n<p>En este encuentro institucional, en el que el rector de la UPO y el c\u00f3nsul de Cuba han estado acompa\u00f1ados por H\u00e9ctor Hern\u00e1ndez Pardo, subdirector general de la Oficina del Programa Martiano de Cuba, ambos representantes institucionales han abordado la puesta en marcha de acciones conjuntas en materia de formaci\u00f3n y de investigaci\u00f3n y el estrechamiento de los v\u00ednculos acad\u00e9micos entre las universidades e instituciones cubanas y la Universidad Pablo de Olavide de Sevilla. En el encuentro tambi\u00e9n ha estado presente Francisco Manuel Silva, profesor del Departamento de Derecho p\u00fablico de la UPO.<\/p>\n<p>Por su parte, H\u00e9ctor Hern\u00e1ndez Pardo, ha mostrado su inter\u00e9s de que se celebre en Sevilla la \u00a0XI Reuni\u00f3n del Consejo Mundial del Proyecto Jos\u00e9 Mart\u00ed de Solidaridad Internacional, prevista para el a\u00f1o 2016. El subdirector general de la Oficina del Programa Martiano de Cuba ha aprovechado su visita para promover tambi\u00e9n la realizaci\u00f3n en Cuba de la II Conferencia Internacional \u201cCon todos y para el bien de todos\u201d, que tendr\u00e1 lugar del 25 al 28 de enero del 2016, en La Habana, en ocasi\u00f3n del 160 aniversario del natalicio de Jos\u00e9 Mart\u00ed.<\/p>\n","protected":false},"excerpt":{"rendered":"<p>La Universidad Pablo de Olavide ha acogido el encuentro institucional entre el c\u00f3nsul general de Cuba para Andaluc\u00eda, Extremadura, Ceuta y Melilla, Ulises Arranz Fern\u00e1ndez, y el rector de la UPO, Vicente Guzm\u00e1n Fluja. <\/p>\n","protected":false},"author":2,"featured_media":0,"comment_status":"closed","ping_status":"open","sticky":false,"template":"","format":"standard","meta":{"_monsterinsights_skip_tracking":false,"_monsterinsights_sitenote_active":false,"_monsterinsights_sitenote_note":"","_monsterinsights_sitenote_category":0,"footnotes":""},"categories":[6],"tags":[2278,1249,202,38],"class_list":["post-9346911","post","type-post","status-publish","format-standard","hentry","category-institucional","tag-consul","tag-cuba","tag-encuentro-institucional","tag-rector"],"_links":{"self":[{"href":"https:\/\/www.upo.es\/diario\/wp-json\/wp\/v2\/posts\/9346911","targetHints":{"allow":["GET"]}}],"collection":[{"href":"https:\/\/www.upo.es\/diario\/wp-json\/wp\/v2\/posts"}],"about":[{"href":"https:\/\/www.upo.es\/diario\/wp-json\/wp\/v2\/types\/post"}],"author":[{"embeddable":true,"href":"https:\/\/www.upo.es\/diario\/wp-json\/wp\/v2\/users\/2"}],"replies":[{"embeddable":true,"href":"https:\/\/www.upo.es\/diario\/wp-json\/wp\/v2\/comments?post=9346911"}],"version-history":[{"count":1,"href":"https:\/\/www.upo.es\/diario\/wp-json\/wp\/v2\/posts\/9346911\/revisions"}],"predecessor-version":[{"id":9346913,"href":"https:\/\/www.upo.es\/diario\/wp-json\/wp\/v2\/posts\/9346911\/revisions\/9346913"}],"wp:attachment":[{"href":"https:\/\/www.upo.es\/diario\/wp-json\/wp\/v2\/media?parent=9346911"}],"wp:term":[{"taxonomy":"category","embeddable":true,"href":"https:\/\/www.upo.es\/diario\/wp-json\/wp\/v2\/categories?post=9346911"},{"taxonomy":"post_tag","embeddable":true,"href":"https:\/\/www.upo.es\/diario\/wp-json\/wp\/v2\/tags?post=9346911"}],"curies":[{"name":"wp","href":"https:\/\/api.w.org\/{rel}","templated":true}]}}