{"id":9347820,"date":"2015-03-27T12:29:59","date_gmt":"2015-03-27T12:29:59","guid":{"rendered":"https:\/\/www.upo.es\/diario\/?p=9347820"},"modified":"2015-03-27T12:29:59","modified_gmt":"2015-03-27T12:29:59","slug":"la-criminalidad-organizada-transnacional-a-debate-en-el-iii-congreso-de-estudiantes-de-derecho-de-la-upo","status":"publish","type":"post","link":"https:\/\/www.upo.es\/diario\/institucional\/2015\/03\/la-criminalidad-organizada-transnacional-a-debate-en-el-iii-congreso-de-estudiantes-de-derecho-de-la-upo\/","title":{"rendered":"La criminalidad organizada transnacional, a debate en el III Congreso de Estudiantes de Derecho de la UPO"},"content":{"rendered":"<figure id=\"attachment_8972089\" aria-describedby=\"caption-attachment-8972089\" style=\"width: 320px\" class=\"wp-caption alignright\"><img loading=\"lazy\" decoding=\"async\" class=\"size-medium wp-image-8972089\" alt=\"Conceptual computer artwork of guns against a background of an Earth map\" src=\"https:\/\/www.upo.es\/diario\/wp-content\/uploads\/2015\/03\/132_1302763-W-320x256.jpg\" width=\"320\" height=\"256\" srcset=\"https:\/\/www.upo.es\/diario\/wp-content\/uploads\/2015\/03\/132_1302763-W-320x256.jpg 320w, https:\/\/www.upo.es\/diario\/wp-content\/uploads\/2015\/03\/132_1302763-W-600x480.jpg 600w, https:\/\/www.upo.es\/diario\/wp-content\/uploads\/2015\/03\/132_1302763-W.jpg 800w\" sizes=\"auto, (max-width: 320px) 100vw, 320px\" \/><figcaption id=\"caption-attachment-8972089\" class=\"wp-caption-text\">\u00a9 VICTOR HABBICK VISIONS\/SCIENCE PHOTO LIBRARY<\/figcaption><\/figure>\n<p>La Universidad Pablo de Olavide acoger\u00e1<strong> los d\u00edas 9 y 10 de abril<\/strong> el <strong>III Congreso de Alumnos\/as de la Facultad de Derecho<\/strong>, coincidiendo con el cumplimiento este a\u00f1o del 18 aniversario de este centro y de la UPO, organizado por la delegaci\u00f3n de estudiantes de la Facultad de Derecho y el \u00c1rea de Derecho penal, en colaboraci\u00f3n con la Asociaci\u00f3n Sevillana de Estudiantes de Criminolog\u00eda de la Universidad Pablo de Olavide.<\/p>\n<p>Este Congreso tiene como objetivo <b>debatir sobre los problemas jur\u00eddicos, criminol\u00f3gicos, pol\u00edticos y sociales que plantea la criminalidad organizada transnacional<\/b>. As\u00ed, durante la tarde del jueves d\u00eda 9 y la ma\u00f1ana del viernes 10 de abril, tanto en conferencias como en mesas redondas, intervendr\u00e1n magistrados, fiscales y profesores de Derecho penal, procesal e internacional de varias universidades adem\u00e1s de estudiantes de la Facultad de Derecho de la UPO que tambi\u00e9n han presentado comunicaciones.<\/p>\n<p><b>Francisco Mu\u00f1oz Conde<\/b>, catedr\u00e1tico de Derecho penal de la UPO, ser\u00e1 el encargado de abrir el congreso con la conferencia sobre \u201cLa reforma del C\u00f3digo penal\u201d. Por su parte, el cierre correr\u00e1 a cargo de <b>Salvador Viada Bardaj\u00ed<\/b>, fiscal del Tribunal Supremo, con la ponencia \u2018Los cr\u00edmenes internacionales\u2019. Tras la clausura tendr\u00e1 lugar un acto de celebraci\u00f3n con motivo de la<i> mayor\u00eda de edad<\/i> de la Facultad de Derecho, que en 2015 celebra su XVIII aniversario, al igual que la Universidad Pablo de Olavide.<\/p>\n<p>&gt; <a href=\"https:\/\/www.upo.es\/upo_opencms\/export\/sites\/upo\/Galerias\/Descargas\/InfoEstudiantes\/diptico-facultad-derecho-congreso.pdf\">III Congreso de Estudiantes de la Facultad de Derecho de la UPO \u2013 Programa (pdf)<\/a><\/p>\n<p>&nbsp;<\/p>\n","protected":false},"excerpt":{"rendered":"<p>La Universidad Pablo de Olavide acoger\u00e1 los d\u00edas 9 y 10 de abril el III Congreso de Alumnos\/as de la Facultad de Derecho, coincidiendo con el cumplimiento este a\u00f1o del 18 aniversario de este centro y de la UPO, organizado por la delegaci\u00f3n de estudiantes de la Facultad de Derecho y el \u00c1rea de Derecho penal, en colaboraci\u00f3n con la Asociaci\u00f3n Sevillana de Estudiantes de Criminolog\u00eda de la Universidad Pablo de Olavide.<\/p>\n","protected":false},"author":6,"featured_media":0,"comment_status":"closed","ping_status":"open","sticky":false,"template":"","format":"standard","meta":{"_monsterinsights_skip_tracking":false,"_monsterinsights_sitenote_active":false,"_monsterinsights_sitenote_note":"","_monsterinsights_sitenote_category":0,"footnotes":""},"categories":[6],"tags":[568,354,532,87,842,2017,21,81,446],"class_list":["post-9347820","post","type-post","status-publish","format-standard","hentry","category-institucional","tag-aniversario","tag-congreso","tag-criminologia","tag-derecho","tag-derecho-penal","tag-derecho-procesal","tag-estudiantes","tag-facultad-de-derecho","tag-internacional"],"_links":{"self":[{"href":"https:\/\/www.upo.es\/diario\/wp-json\/wp\/v2\/posts\/9347820","targetHints":{"allow":["GET"]}}],"collection":[{"href":"https:\/\/www.upo.es\/diario\/wp-json\/wp\/v2\/posts"}],"about":[{"href":"https:\/\/www.upo.es\/diario\/wp-json\/wp\/v2\/types\/post"}],"author":[{"embeddable":true,"href":"https:\/\/www.upo.es\/diario\/wp-json\/wp\/v2\/users\/6"}],"replies":[{"embeddable":true,"href":"https:\/\/www.upo.es\/diario\/wp-json\/wp\/v2\/comments?post=9347820"}],"version-history":[{"count":1,"href":"https:\/\/www.upo.es\/diario\/wp-json\/wp\/v2\/posts\/9347820\/revisions"}],"predecessor-version":[{"id":9347821,"href":"https:\/\/www.upo.es\/diario\/wp-json\/wp\/v2\/posts\/9347820\/revisions\/9347821"}],"wp:attachment":[{"href":"https:\/\/www.upo.es\/diario\/wp-json\/wp\/v2\/media?parent=9347820"}],"wp:term":[{"taxonomy":"category","embeddable":true,"href":"https:\/\/www.upo.es\/diario\/wp-json\/wp\/v2\/categories?post=9347820"},{"taxonomy":"post_tag","embeddable":true,"href":"https:\/\/www.upo.es\/diario\/wp-json\/wp\/v2\/tags?post=9347820"}],"curies":[{"name":"wp","href":"https:\/\/api.w.org\/{rel}","templated":true}]}}