{"id":938151,"date":"2013-05-28T10:55:39","date_gmt":"2013-05-28T10:55:39","guid":{"rendered":"https:\/\/www.upo.es\/diario\/?p=938151"},"modified":"2013-05-29T06:21:12","modified_gmt":"2013-05-29T06:21:12","slug":"la-upo-y-los-colegios-de-trabajo-social-y-de-educacion-social-fomentaran-la-empleabilidad-de-los-estudiantes","status":"publish","type":"post","link":"https:\/\/www.upo.es\/diario\/institucional\/2013\/05\/la-upo-y-los-colegios-de-trabajo-social-y-de-educacion-social-fomentaran-la-empleabilidad-de-los-estudiantes\/","title":{"rendered":"La UPO y los  Colegios de Trabajo Social y de Educaci\u00f3n Social fomentar\u00e1n la empleabilidad de los estudiantes"},"content":{"rendered":"<figure id=\"attachment_938152\" aria-describedby=\"caption-attachment-938152\" style=\"width: 320px\" class=\"wp-caption alignright\"><a href=\"https:\/\/www.upo.es\/diario\/wp-content\/uploads\/2013\/05\/conve_colegiossociales.jpg\"><img loading=\"lazy\" decoding=\"async\" class=\"size-medium wp-image-938152\" alt=\"el decano de Ciencias Sociales, Guillermo Dom\u00ednguez, la presidenta del Colegio Oficial de Diplomados en Trabajo Social de Sevilla, Alicia Piqu\u00e9, el rector de la UPO, Vicente Guzm\u00e1n, y el presidente del Colegio Profesional de Educadoras y Educadores Sociales de Andaluc\u00eda, Jos\u00e9 Ignacio Rico\" src=\"https:\/\/www.upo.es\/diario\/wp-content\/uploads\/2013\/05\/conve_colegiossociales-320x213.jpg\" width=\"320\" height=\"213\" srcset=\"https:\/\/www.upo.es\/diario\/wp-content\/uploads\/2013\/05\/conve_colegiossociales-320x213.jpg 320w, https:\/\/www.upo.es\/diario\/wp-content\/uploads\/2013\/05\/conve_colegiossociales-1024x682.jpg 1024w, https:\/\/www.upo.es\/diario\/wp-content\/uploads\/2013\/05\/conve_colegiossociales-600x400.jpg 600w\" sizes=\"auto, (max-width: 320px) 100vw, 320px\" \/><\/a><figcaption id=\"caption-attachment-938152\" class=\"wp-caption-text\">Desde la izquierda: el decano de Ciencias Sociales, Guillermo Dom\u00ednguez, la presidenta del Colegio Oficial de Diplomados en Trabajo Social de Sevilla, Alicia Piqu\u00e9, el rector de la UPO, Vicente Guzm\u00e1n, y el presidente del Colegio Profesional de Educadoras y Educadores Sociales de Andaluc\u00eda, Jos\u00e9 Ignacio Rico<\/figcaption><\/figure>\n<p>El rector de la Universidad Pablo de Olavide, Vicente Guzm\u00e1n Fluja, la presidenta del Colegio Oficial de Diplomados en Trabajo Social y Asistentes Sociales de Sevilla, Alicia Piqu\u00e9 de Viu, y el presidente del Colegio Profesional de Educadoras y Educadores Sociales de Andaluc\u00eda, Jos\u00e9 Ignacio Rico Romero, suscribieron el pasado lunes sendos convenios de cooperaci\u00f3n para fomentar la empleabilidad de los estudiantes de Trabajo Social y de Educaci\u00f3n Social a trav\u00e9s de pr\u00e1cticas con los colegiados en los centros donde \u00e9stos desarrollan su actividad profesional.<\/p>\n<p>Tanto el rector como las presidentas de los Colegios Oficiales coincidieron en la necesidad de trabajar conjuntamente para ofrecer a los estudiantes las mejores pr\u00e1cticas regladas. El\u00a0 rector subray\u00f3 que \u201cesta cooperaci\u00f3n servir\u00e1 para reforzar los planes de estudio de ambas titulaciones en el fomento de la empleabilidad y el emprendimiento de los estudiantes\u201d.<\/p>\n<p>Los convenios suscritos, que han sido promovidos por la Facultad de Ciencias Sociales de la Universidad Pablo de Olavide, permitir\u00e1n adem\u00e1s que los colegios oficiales tengan en la UPO un espacio de formaci\u00f3n permanente y facilitar a sus profesionales, en la medida en que las normas y acuerdos lo permitan, el acceso a los itinerarios curriculares de adaptaci\u00f3n al grado, posibilitando que aquellos colegiados que sean tutores de pr\u00e1cticas puedan validarlo como uno de los m\u00e9ritos preferentes para el acceso a dichos itinerarios.<\/p>\n<p>La Universidad Pablo de Olavide mantiene as\u00ed su apuesta por lo social como uno de los objetivos prioritarios y potencia a trav\u00e9s de las pr\u00e1cticas la preparaci\u00f3n del alumnado para la empleabilidad.<\/p>\n<p>&nbsp;<\/p>\n","protected":false},"excerpt":{"rendered":"<p>El rector de la Universidad Pablo de Olavide, Vicente Guzm\u00e1n Fluja, la presidenta del Colegio Oficial de Diplomados en Trabajo Social y Asistentes Sociales de Sevilla, Alicia Piqu\u00e9 de Viu, y el presidente del Colegio Profesional de Educadoras y Educadores Sociales de Andaluc\u00eda, Jos\u00e9 Ignacio Rico Romero, suscribieron ayer sendos convenios de cooperaci\u00f3n para fomentar la empleabilidad de los estudiantes de Trabajo Social y de Educaci\u00f3n Social a trav\u00e9s de pr\u00e1cticas con los colegiados en los centros donde \u00e9stos desarrollan su actividad profesional.<\/p>\n","protected":false},"author":6,"featured_media":0,"comment_status":"closed","ping_status":"open","sticky":false,"template":"","format":"standard","meta":{"_monsterinsights_skip_tracking":false,"_monsterinsights_sitenote_active":false,"_monsterinsights_sitenote_note":"","_monsterinsights_sitenote_category":0,"footnotes":""},"categories":[6],"tags":[326,628,438,21,38,103,106],"class_list":["post-938151","post","type-post","status-publish","format-standard","hentry","category-institucional","tag-convenio","tag-educacion-social","tag-empleo","tag-estudiantes","tag-rector","tag-trabajo-social","tag-vicente-c-guzman"],"_links":{"self":[{"href":"https:\/\/www.upo.es\/diario\/wp-json\/wp\/v2\/posts\/938151","targetHints":{"allow":["GET"]}}],"collection":[{"href":"https:\/\/www.upo.es\/diario\/wp-json\/wp\/v2\/posts"}],"about":[{"href":"https:\/\/www.upo.es\/diario\/wp-json\/wp\/v2\/types\/post"}],"author":[{"embeddable":true,"href":"https:\/\/www.upo.es\/diario\/wp-json\/wp\/v2\/users\/6"}],"replies":[{"embeddable":true,"href":"https:\/\/www.upo.es\/diario\/wp-json\/wp\/v2\/comments?post=938151"}],"version-history":[{"count":6,"href":"https:\/\/www.upo.es\/diario\/wp-json\/wp\/v2\/posts\/938151\/revisions"}],"predecessor-version":[{"id":945878,"href":"https:\/\/www.upo.es\/diario\/wp-json\/wp\/v2\/posts\/938151\/revisions\/945878"}],"wp:attachment":[{"href":"https:\/\/www.upo.es\/diario\/wp-json\/wp\/v2\/media?parent=938151"}],"wp:term":[{"taxonomy":"category","embeddable":true,"href":"https:\/\/www.upo.es\/diario\/wp-json\/wp\/v2\/categories?post=938151"},{"taxonomy":"post_tag","embeddable":true,"href":"https:\/\/www.upo.es\/diario\/wp-json\/wp\/v2\/tags?post=938151"}],"curies":[{"name":"wp","href":"https:\/\/api.w.org\/{rel}","templated":true}]}}