{"id":938155,"date":"2013-05-27T13:07:11","date_gmt":"2013-05-27T13:07:11","guid":{"rendered":"https:\/\/www.upo.es\/diario\/?p=938155"},"modified":"2013-05-27T13:57:24","modified_gmt":"2013-05-27T13:57:24","slug":"criminologo-apuesta-por-analizar-la-comunicacion-no-verbal-para-detectar-si-una-persona-dice-la-verdad","status":"publish","type":"post","link":"https:\/\/www.upo.es\/diario\/institucional\/2013\/05\/criminologo-apuesta-por-analizar-la-comunicacion-no-verbal-para-detectar-si-una-persona-dice-la-verdad\/","title":{"rendered":"Crimin\u00f3logo apuesta por analizar la comunicaci\u00f3n no verbal para detectar si una persona dice la verdad"},"content":{"rendered":"<figure id=\"attachment_938156\" aria-describedby=\"caption-attachment-938156\" style=\"width: 320px\" class=\"wp-caption alignright\"><a href=\"https:\/\/www.upo.es\/diario\/wp-content\/uploads\/2013\/05\/inaug_curso_delitos_terrorismo.jpg\"><img loading=\"lazy\" decoding=\"async\" class=\"size-medium wp-image-938156 \" alt=\"de izquierda a derecha, el crimin\u00f3logo Juan \u00c1ngel Anta Ruesga, Pilar Rodr\u00edguez Reina, vicerrectora de Internacionalizaci\u00f3n y Comunicaci\u00f3n de la Universidad Pablo de Olavide, y Ra\u00fal S\u00e1nchez G\u00f3mez, director de Calidad del M\u00e1ster Superior en Abogac\u00eda de la UPO\" src=\"https:\/\/www.upo.es\/diario\/wp-content\/uploads\/2013\/05\/inaug_curso_delitos_terrorismo-320x240.jpg\" width=\"320\" height=\"240\" srcset=\"https:\/\/www.upo.es\/diario\/wp-content\/uploads\/2013\/05\/inaug_curso_delitos_terrorismo-320x240.jpg 320w, https:\/\/www.upo.es\/diario\/wp-content\/uploads\/2013\/05\/inaug_curso_delitos_terrorismo-1024x768.jpg 1024w, https:\/\/www.upo.es\/diario\/wp-content\/uploads\/2013\/05\/inaug_curso_delitos_terrorismo-600x449.jpg 600w\" sizes=\"auto, (max-width: 320px) 100vw, 320px\" \/><\/a><figcaption id=\"caption-attachment-938156\" class=\"wp-caption-text\">De izquierda a derecha: el crimin\u00f3logo Juan \u00c1ngel Anta Ruesga, Pilar Rodr\u00edguez Reina, vicerrectora de Internacionalizaci\u00f3n y Comunicaci\u00f3n, y Ra\u00fal S\u00e1nchez G\u00f3mez, director de Calidad del M\u00e1ster Superior en Abogac\u00eda<\/figcaption><\/figure>\n<p>La vicerrectora de Internacionalizaci\u00f3n y Comunicaci\u00f3n de la Universidad Pablo de Olavide, Pilar Rodr\u00edguez Reina, ha presidido hoy el acto de inauguraci\u00f3n del curso pr\u00e1ctico sobre \u201cLa investigaci\u00f3n de los delitos de terrorismo\u201d, organizado por el M\u00e1ster Superior en Abogac\u00eda, a trav\u00e9s del \u00c1rea de Formaci\u00f3n Permanente de la UPO. La vicerrectora ha estado acompa\u00f1ada en dicho acto por Ra\u00fal S\u00e1nchez G\u00f3mez, director de Calidad del M\u00e1ster Superior en Abogac\u00eda, y Juan \u00c1ngel Anta Ruesga, crimin\u00f3logo y experto en an\u00e1lisis verbo-corporal y detecci\u00f3n de enga\u00f1o, quien ha ofrecido la ponencia de apertura \u201cLa detecci\u00f3n del enga\u00f1o en los interrogatorios\u201d.<\/p>\n<p>Durante el transcurso de la misma, el crimin\u00f3logo ha incidido en la importancia del an\u00e1lisis de la comunicaci\u00f3n verbal y corporal, con el fin de detectar si el discurso de una persona es veraz o no. Y es que, citando a expertos en la materia, de toda la comunicaci\u00f3n que desplegamos, el 7 por ciento es verbal, el 38 por ciento paraverbal, mientras que el 55 por ciento es no verbal. \u201cDe esta manera, si nos centramos s\u00f3lo en lo verbal y no valoramos lo suficiente el contexto y todo lo que ocurre a nuestro alrededor, nos estaremos perdiendo mucha informaci\u00f3n\u201d, ha asegurado Juan \u00c1ngel Anta.<\/p>\n<p>En esta l\u00ednea, cree muy importante la valoraci\u00f3n de elementos como la expresi\u00f3n facial, que puede se traducir en la manifestaci\u00f3n de diversas emociones, como la alegr\u00eda, el enfado, la tristeza, el miedo, el desprecio o la sorpresa, entre otras. Cada una de ellas tiene sus rasgos caracter\u00edsticos. Por ejemplo, el miedo se manifiesta en los individuos a trav\u00e9s de una serie de indicios: Los ojos muy abiertos, las cejas levantadas en horizontal, la tensi\u00f3n del p\u00e1rpado inferior, arrugas en la frente\u2026 Ello puede dar muestras de si un individuo dice la verdad o no.<\/p>\n<p>Este nuevo curso, que se imparte desde hoy y finaliza ma\u00f1ana, abordar\u00e1 temas como la regulaci\u00f3n constitucional de los delitos de terrorismo; las pol\u00edticas p\u00fablicas y la criminalidad organizada; el fen\u00f3meno del terrorismo yihadista; la dimensi\u00f3n pol\u00edtica y sociol\u00f3gica del terrorismo o los medios de comunicaci\u00f3n como instrumentos en la conformaci\u00f3n de voluntades.<\/p>\n<p>Ma\u00f1ana, a las 16,30 horas, el curso comenzar\u00e1 con la mesa redonda \u201cPol\u00edticas p\u00fablicas y criminalidad organizada\u201d. Dicha mesa estar\u00e1 presidida por el rector de la Universidad Pablo de Olavide, Vicente Guzm\u00e1n, y en la misma participar\u00e1n diversos expertos en la materia, como \u00c1ngel Gal\u00e1n, comisario principal del Cuerpo Nacional de\u00a0Polic\u00eda; Jos\u00e9 Antonio Varela, director general de Interior, Emergencias y Protecci\u00f3n Civil de la Consejer\u00eda de la Consejer\u00eda de Justicia e Interior de la Comunidad Aut\u00f3noma de Andaluc\u00eda; Rafael Iturriaga, vocal de la Autoridad Vasca de Defensa de la Competencia y viceconsejero de Seguridad del Departamento de Interior del Gobierno Vasco (2009- 2012) y Valent\u00edn D\u00edaz, teniente coronel de la Guardia Civil de la Jefatura de Informaci\u00f3n.<\/p>\n<p>El Curso pr\u00e1ctico sobre la investigaci\u00f3n de los delitos de terrorismo est\u00e1 dirigido a abogados, jueces, fiscales, miembros de las Fuerzas y Cuerpos del Estado, trabajadores sociales, psic\u00f3logos, as\u00ed como a todas las personas interesadas en conocer las cuestiones que suscita la materia.<\/p>\n<p>&nbsp;<\/p>\n<p align=\"center\"><b>PROGRAMA DEL CURSO PR\u00c1CTICO SOBRE LA INVESTIGACI\u00d3N DE LOS DELITOS DE TERRORISMO<\/b><\/p>\n<p align=\"center\"><b>\u00a0<\/b><\/p>\n<p><b>Lunes 27 de mayo de 2013<\/b><\/p>\n<p>16.00 h. Mesa redonda: <b>\u201cEl marco jur\u00eddico general en que se desarrolla la investigaci\u00f3n y enjuiciamiento de los delitos comunes\u201d. <\/b>Ponentes:<\/p>\n<p>&#8211; Carlos Mah\u00f3n Tabernero. Magistrado del Juzgado de Instrucci\u00f3n n\u00ba 2 de Sevilla.<\/p>\n<p>&#8211; Antonio Jos\u00e9 Mu\u00f1iz Antequera. Abogado fiscal en la Fiscal\u00eda Provincial de Sevilla.<\/p>\n<p>&#8211; Joaqu\u00edn Yust Escobar. Magistrado del Juzgado de lo Penal n\u00ba 11 de Sevilla.<\/p>\n<p>Modera: Ra\u00fal S\u00e1nchez G\u00f3mez. Director de Calidad del M\u00e1ster Superior en Abogac\u00eda de la Universidad Pablo de Olavide de Sevilla.<\/p>\n<p>18:00 h. Descanso.<\/p>\n<p>18:30 h. Conferencia: <b>\u201cLos delitos de terrorismo en la actual legislaci\u00f3n penal y procesal penal: Perspectivas de futuro\u201d. <\/b>Ponente: Juan Carlos Campo Moreno. Magistrado de la Secci\u00f3n 1\u00aa de la Audiencia Provincial de C\u00e1diz. Vocal del Consejo General del Poder Judicial (2001-2009). Secretario de Estado de Justicia (2009-2011).<\/p>\n<p>19.15 h. Conferencia: <b>\u201cLos resultados que arroja la investigaci\u00f3n criminal de los delitos de terrorismo: El derecho de defensa\u201d. <\/b>Ponente: Vicente Carlos Guzm\u00e1n Fluja. Rector magn\u00edfico de la Universidad Pablo de Olavide de Sevilla.<\/p>\n<p>20.00 h. Mesa redonda: <b>\u201cLa protecci\u00f3n de los derechos procesales fundamentales\u00a0frente\u00a0a\u00a0la garant\u00eda de la eficacia de la investigaci\u00f3n criminal\u201d.<\/b> Ponente: Jos\u00e9 Antonio Colmenero Guerra. Secretario general de la Universidad Pablo de Olavide de Sevilla.<\/p>\n<p><b>\u00a0<\/b><\/p>\n<p><b>Martes 28 de mayo de 2013<\/b><\/p>\n<p>16:30 h. Mesa redonda: <b>\u201cPol\u00edticas p\u00fablicas y criminalidad organizada\u201d. <\/b>Ponentes:<\/p>\n<p>&#8211; Jos\u00e9 Antonio Varela Gonz\u00e1lez. Director general de Interior, Emergencias y Protecci\u00f3n Civil de la Consejer\u00eda de Justicia e Interior de la Comunidad Aut\u00f3noma de Andaluc\u00eda.<\/p>\n<p>&#8211; Rafael Iturriaga, Vocal de la Autoridad Vasca de Defensa de la Competencia, Viceconsejero de Seguridad del Departamento de Interior del Gobierno Vasco (2009- 2012).<\/p>\n<p>&#8211; \u00c1ngel Gal\u00e1n. Comisario Principal del Cuerpo Nacional de\u00a0Polic\u00eda.<\/p>\n<p>&#8211; Valent\u00edn D\u00edaz Blanco. Teniente coronel de la Guardia Civil. Jefatura de Informaci\u00f3n.<\/p>\n<p>Modera: Vicente Carlos Guzm\u00e1n Fluja. Rector magn\u00edfico de la Universidad Pablo de Olavide de Sevilla.<\/p>\n<p>18.00 h. Descanso.<\/p>\n<p>18.30 h. Conferencia: <b>\u201cLos medios de prensa como instrumentos id\u00f3neos en la conformaci\u00f3n de voluntades: La publicidad y el marketing del paradigma\u201d. <\/b>Ponente: Carolina Mart\u00edn, periodista y presentadora de Canal Sur TV.<\/p>\n<p>19:15 h. Conferencia: <b>\u201cLa dimensi\u00f3n pol\u00edtica y sociol\u00f3gica del terrorismo\u201d. <\/b>Ponente: Manuel Ricardo Torres Soriano. Profesor titular del \u00c1rea de Ciencia Pol\u00edtica y de la Administraci\u00f3n de la Universidad Pablo de Olavide de Sevilla.<\/p>\n<p>Modera: Jos\u00e9 Antonio Colmenero Guerra. Secretario general de la Universidad Pablo de Olavide de Sevilla.<\/p>\n<p>20.00 h. Clausura.<\/p>\n","protected":false},"excerpt":{"rendered":"<p>\tLa vicerrectora de Internacionalizaci\u00f3n y Comunicaci\u00f3n de la Universidad Pablo de Olavide, Pilar Rodr\u00edguez Reina, ha presidido hoy el acto de inauguraci\u00f3n del curso pr\u00e1ctico sobre \u201cLa investigaci\u00f3n de los delitos de terrorismo\u201d, acompa\u00f1ada por Ra\u00fal S\u00e1nchez G\u00f3mez, director de Calidad del M\u00e1ster Superior en Abogac\u00eda, y Juan \u00c1ngel Anta Ruesga, crimin\u00f3logo y experto en an\u00e1lisis verbo-corporal y detecci\u00f3n de enga\u00f1o, quien ha ofrecido la ponencia de apertura \u201cLa detecci\u00f3n del enga\u00f1o en los interrogatorios\u201d.<\/p>\n","protected":false},"author":6,"featured_media":0,"comment_status":"closed","ping_status":"open","sticky":false,"template":"","format":"standard","meta":{"_monsterinsights_skip_tracking":false,"_monsterinsights_sitenote_active":false,"_monsterinsights_sitenote_note":"","_monsterinsights_sitenote_category":0,"footnotes":""},"categories":[6],"tags":[141,87,56,118,482],"class_list":["post-938155","post","type-post","status-publish","format-standard","hentry","category-institucional","tag-curso","tag-derecho","tag-investigacion","tag-master","tag-terrorismo"],"_links":{"self":[{"href":"https:\/\/www.upo.es\/diario\/wp-json\/wp\/v2\/posts\/938155","targetHints":{"allow":["GET"]}}],"collection":[{"href":"https:\/\/www.upo.es\/diario\/wp-json\/wp\/v2\/posts"}],"about":[{"href":"https:\/\/www.upo.es\/diario\/wp-json\/wp\/v2\/types\/post"}],"author":[{"embeddable":true,"href":"https:\/\/www.upo.es\/diario\/wp-json\/wp\/v2\/users\/6"}],"replies":[{"embeddable":true,"href":"https:\/\/www.upo.es\/diario\/wp-json\/wp\/v2\/comments?post=938155"}],"version-history":[{"count":4,"href":"https:\/\/www.upo.es\/diario\/wp-json\/wp\/v2\/posts\/938155\/revisions"}],"predecessor-version":[{"id":938158,"href":"https:\/\/www.upo.es\/diario\/wp-json\/wp\/v2\/posts\/938155\/revisions\/938158"}],"wp:attachment":[{"href":"https:\/\/www.upo.es\/diario\/wp-json\/wp\/v2\/media?parent=938155"}],"wp:term":[{"taxonomy":"category","embeddable":true,"href":"https:\/\/www.upo.es\/diario\/wp-json\/wp\/v2\/categories?post=938155"},{"taxonomy":"post_tag","embeddable":true,"href":"https:\/\/www.upo.es\/diario\/wp-json\/wp\/v2\/tags?post=938155"}],"curies":[{"name":"wp","href":"https:\/\/api.w.org\/{rel}","templated":true}]}}