{"id":938162,"date":"2013-05-28T09:05:36","date_gmt":"2013-05-28T09:05:36","guid":{"rendered":"https:\/\/www.upo.es\/diario\/?p=938162"},"modified":"2013-05-28T14:13:10","modified_gmt":"2013-05-28T14:13:10","slug":"el-rector-de-la-upo-y-el-consejero-de-justicia-clausuran-manana-el-curso-de-especialista-en-arbitraje","status":"publish","type":"post","link":"https:\/\/www.upo.es\/diario\/institucional\/2013\/05\/el-rector-de-la-upo-y-el-consejero-de-justicia-clausuran-manana-el-curso-de-especialista-en-arbitraje\/","title":{"rendered":"El rector de la UPO y el Consejero de Justicia clausuran hoy el Curso de Especialista en Arbitraje"},"content":{"rendered":"<p>El rector de la Universidad Pablo de Olavide, Vicente Guzm\u00e1n y el consejero de Justicia e Interior de la Junta de Andaluc\u00eda, Emilio de Llera, presidir\u00e1n hoy martes, a las 20 horas, en el Paraninfo de la UPO, el acto de clausura del Curso de Especialista Universitario en Arbitraje. A dicho acto asistir\u00e1n tambi\u00e9n Guillermo Jim\u00e9nez S\u00e1nchez, presidente de la Corte de Arbitraje; Ignacio Colomer Hern\u00e1ndez, director acad\u00e9mico del curso y Jes\u00fas Bores Saiz, de Bores y Cia Abogados, empresa colaboradora del mismo.<\/p>\n<p>El curso, desarrollado durante el presente a\u00f1o acad\u00e9mico, ha abordado la importancia del arbitraje y la mediaci\u00f3n como medios de soluci\u00f3n extrajudicial de conflictos, ofreciendo una alternativa \u00e1gil, r\u00e1pida, eficaz y econ\u00f3mica para su resoluci\u00f3n, una especializaci\u00f3n de los \u00e1rbitros designados y plena confidencialidad de los asuntos, resultando por ello un mecanismo al servicio de los ciudadanos que garantiza eficazmente el derecho a la tutela judicial efectiva, por cuanto las resoluciones arbitrales gozan de los mismos efectos que una sentencia.<\/p>\n","protected":false},"excerpt":{"rendered":"<p>\tEl rector de la Universidad Pablo de Olavide, Vicente Guzm\u00e1n y el consejero de Justicia e Interior de la Junta de Andaluc\u00eda, Emilio de Llera, presidir\u00e1n hoy martes, a las 20 horas, en el Paraninfo de la UPO, el acto de clausura del Curso de Especialista Universitario en Arbitraje. A dicho acto asistir\u00e1n tambi\u00e9n Guillermo Jim\u00e9nez S\u00e1nchez, presidente de la Corte de Arbitraje; Ignacio Colomer Hern\u00e1ndez, director acad\u00e9mico del curso y Jes\u00fas Bores Saiz, de Bores y Cia Abogados, empresa colaboradora del mismo.<\/p>\n","protected":false},"author":6,"featured_media":0,"comment_status":"closed","ping_status":"open","sticky":false,"template":"","format":"standard","meta":{"_monsterinsights_skip_tracking":false,"_monsterinsights_sitenote_active":false,"_monsterinsights_sitenote_note":"","_monsterinsights_sitenote_category":0,"footnotes":""},"categories":[6],"tags":[629,141,87,82,38,106],"class_list":["post-938162","post","type-post","status-publish","format-standard","hentry","category-institucional","tag-arbitraje","tag-curso","tag-derecho","tag-postgrado","tag-rector","tag-vicente-c-guzman"],"_links":{"self":[{"href":"https:\/\/www.upo.es\/diario\/wp-json\/wp\/v2\/posts\/938162","targetHints":{"allow":["GET"]}}],"collection":[{"href":"https:\/\/www.upo.es\/diario\/wp-json\/wp\/v2\/posts"}],"about":[{"href":"https:\/\/www.upo.es\/diario\/wp-json\/wp\/v2\/types\/post"}],"author":[{"embeddable":true,"href":"https:\/\/www.upo.es\/diario\/wp-json\/wp\/v2\/users\/6"}],"replies":[{"embeddable":true,"href":"https:\/\/www.upo.es\/diario\/wp-json\/wp\/v2\/comments?post=938162"}],"version-history":[{"count":4,"href":"https:\/\/www.upo.es\/diario\/wp-json\/wp\/v2\/posts\/938162\/revisions"}],"predecessor-version":[{"id":942761,"href":"https:\/\/www.upo.es\/diario\/wp-json\/wp\/v2\/posts\/938162\/revisions\/942761"}],"wp:attachment":[{"href":"https:\/\/www.upo.es\/diario\/wp-json\/wp\/v2\/media?parent=938162"}],"wp:term":[{"taxonomy":"category","embeddable":true,"href":"https:\/\/www.upo.es\/diario\/wp-json\/wp\/v2\/categories?post=938162"},{"taxonomy":"post_tag","embeddable":true,"href":"https:\/\/www.upo.es\/diario\/wp-json\/wp\/v2\/tags?post=938162"}],"curies":[{"name":"wp","href":"https:\/\/api.w.org\/{rel}","templated":true}]}}