{"id":9409981,"date":"2015-03-30T09:27:47","date_gmt":"2015-03-30T09:27:47","guid":{"rendered":"https:\/\/www.upo.es\/diario\/?p=9409981"},"modified":"2015-04-01T10:47:14","modified_gmt":"2015-04-01T10:47:14","slug":"el-ceiba-organiza-en-abril-el-ii-simposio-de-jovenes-investigadores-del-barroco-iberoamericano","status":"publish","type":"post","link":"https:\/\/www.upo.es\/diario\/institucional\/2015\/03\/el-ceiba-organiza-en-abril-el-ii-simposio-de-jovenes-investigadores-del-barroco-iberoamericano\/","title":{"rendered":"El CEIBA organiza en abril el II Simposio de J\u00f3venes Investigadores del Barroco Iberoamericano"},"content":{"rendered":"<p><a href=\"https:\/\/www.upo.es\/diario\/wp-content\/uploads\/2015\/03\/cartel_patrimonio.jpg\"><img loading=\"lazy\" decoding=\"async\" class=\"alignright size-medium wp-image-9409982\" alt=\"cartel_patrimonio\" src=\"https:\/\/www.upo.es\/diario\/wp-content\/uploads\/2015\/03\/cartel_patrimonio-320x228.jpg\" width=\"320\" height=\"228\" srcset=\"https:\/\/www.upo.es\/diario\/wp-content\/uploads\/2015\/03\/cartel_patrimonio-320x228.jpg 320w, https:\/\/www.upo.es\/diario\/wp-content\/uploads\/2015\/03\/cartel_patrimonio-600x428.jpg 600w\" sizes=\"auto, (max-width: 320px) 100vw, 320px\" \/><\/a>El Centro de Estudios de Barroco Iberoamericano (CEIBA), \u00a0centro de investigaci\u00f3n interuniversitario propiciado por las universidades Pablo de Olavide, Santiago de Compostela y Jaume I de Castell\u00f3n, ha organizado del 15 al 17 de abril en la Facultad de Ciencias Humanas y Sociales de la UJI el <a href=\"http:\/\/jovenesceiba.com\/\">II Simposio Internacional de J\u00f3venes Investigadores del Barroco Iberoamericano<\/a> que en esta edici\u00f3n estar\u00e1 dedicado al arte y patrimonio vinculado con los tr\u00e1ficos transoce\u00e1nicos.<\/p>\n<p>El simposio, orientado principalmente a j\u00f3venes investigadores que est\u00e9n realizando la tesis doctoral o est\u00e9n vinculados mediante becas a centros de investigaci\u00f3n o universidades, tiene por objeto abrir un di\u00e1logo entre las diversas disciplinas sobre los estudios del barroco con la finalidad de establecer las conexiones existentes entre los movimientos cultuales y art\u00edsticos del Barroco Iberoamericano, no s\u00f3lo en la Edad Moderna, sino tambi\u00e9n analizando la continuidad temporal que pervive en nuestros d\u00edas.<\/p>\n<p>El programa se articula en diversas ponencias a primera hora de la ma\u00f1ana y la tarde para despu\u00e9s continuar con mesas redondas de debate sobre aspectos como las mujeres mecenas, la teatralidad, las fiestas, la m\u00fasica o escenograf\u00eda, las transferencias en papel o los regalos e identidades, entre otros. La reuni\u00f3n de especialistas de diversas disciplinas enriquecer\u00e1 el encuentro y permitir\u00e1 poner al d\u00eda los estudios realizados por j\u00f3venes investigadores.<\/p>\n<p>Tomando como punto de partida los grupos de investigaci\u00f3n afines de las universidades Pablo de Olavide de Sevilla, Santiago de Compostela y Jaume I de Castell\u00f3n, el CEIBA aspira a convertirse en centro de referencia para la investigaci\u00f3n, la docencia y la difusi\u00f3n de las diferentes manifestaciones art\u00edsticas y culturales asociadas con el Barroco.<\/p>\n","protected":false},"excerpt":{"rendered":"<p>El Centro de Estudios de Barroco Iberoamericano (CEIBA),  centro de investigaci\u00f3n interuniversitario propiciado por las universidades Pablo de Olavide, Santiago de Compostela y Jaume I de Castell\u00f3n, ha organizado del 15 al 17 de abril en la Facultad de Ciencias Humanas y Sociales de la UJI el II Simposio Internacional de J\u00f3venes Investigadores del Barroco Iberoamericano que en esta edici\u00f3n estar\u00e1 dedicado al arte y patrimonio vinculado con los tr\u00e1ficos transoce\u00e1nicos.<\/p>\n","protected":false},"author":2,"featured_media":0,"comment_status":"closed","ping_status":"open","sticky":false,"template":"","format":"standard","meta":{"_monsterinsights_skip_tracking":false,"_monsterinsights_sitenote_active":false,"_monsterinsights_sitenote_note":"","_monsterinsights_sitenote_category":0,"footnotes":""},"categories":[6],"tags":[265,2279,56,129,533],"class_list":["post-9409981","post","type-post","status-publish","format-standard","hentry","category-institucional","tag-arte","tag-barroco","tag-investigacion","tag-patrimonio","tag-simposio"],"_links":{"self":[{"href":"https:\/\/www.upo.es\/diario\/wp-json\/wp\/v2\/posts\/9409981","targetHints":{"allow":["GET"]}}],"collection":[{"href":"https:\/\/www.upo.es\/diario\/wp-json\/wp\/v2\/posts"}],"about":[{"href":"https:\/\/www.upo.es\/diario\/wp-json\/wp\/v2\/types\/post"}],"author":[{"embeddable":true,"href":"https:\/\/www.upo.es\/diario\/wp-json\/wp\/v2\/users\/2"}],"replies":[{"embeddable":true,"href":"https:\/\/www.upo.es\/diario\/wp-json\/wp\/v2\/comments?post=9409981"}],"version-history":[{"count":3,"href":"https:\/\/www.upo.es\/diario\/wp-json\/wp\/v2\/posts\/9409981\/revisions"}],"predecessor-version":[{"id":9409984,"href":"https:\/\/www.upo.es\/diario\/wp-json\/wp\/v2\/posts\/9409981\/revisions\/9409984"}],"wp:attachment":[{"href":"https:\/\/www.upo.es\/diario\/wp-json\/wp\/v2\/media?parent=9409981"}],"wp:term":[{"taxonomy":"category","embeddable":true,"href":"https:\/\/www.upo.es\/diario\/wp-json\/wp\/v2\/categories?post=9409981"},{"taxonomy":"post_tag","embeddable":true,"href":"https:\/\/www.upo.es\/diario\/wp-json\/wp\/v2\/tags?post=9409981"}],"curies":[{"name":"wp","href":"https:\/\/api.w.org\/{rel}","templated":true}]}}