{"id":942565,"date":"2013-05-29T06:00:08","date_gmt":"2013-05-29T06:00:08","guid":{"rendered":"https:\/\/www.upo.es\/diario\/?p=942565"},"modified":"2013-05-29T11:31:40","modified_gmt":"2013-05-29T11:31:40","slug":"inaugurado-el-retrato-de-juan-jimenez-en-la-galeria-de-rectores-de-la-upo","status":"publish","type":"post","link":"https:\/\/www.upo.es\/diario\/institucional\/2013\/05\/inaugurado-el-retrato-de-juan-jimenez-en-la-galeria-de-rectores-de-la-upo\/","title":{"rendered":"Inaugurado el retrato de Juan Jim\u00e9nez en la galer\u00eda de rectores de la UPO"},"content":{"rendered":"<figure id=\"attachment_942566\" aria-describedby=\"caption-attachment-942566\" style=\"width: 320px\" class=\"wp-caption alignright\"><a href=\"https:\/\/www.upo.es\/diario\/wp-content\/uploads\/2013\/05\/cuadro_rector_JJimenez1.jpg\"><img loading=\"lazy\" decoding=\"async\" class=\"size-medium wp-image-942566\" alt=\"Vicente Guam\u00e1n, Juan Jim\u00e9nez y la artista Reyes de la Lastra ante el cuadro\" src=\"https:\/\/www.upo.es\/diario\/wp-content\/uploads\/2013\/05\/cuadro_rector_JJimenez1-320x213.jpg\" width=\"320\" height=\"213\" srcset=\"https:\/\/www.upo.es\/diario\/wp-content\/uploads\/2013\/05\/cuadro_rector_JJimenez1-320x213.jpg 320w, https:\/\/www.upo.es\/diario\/wp-content\/uploads\/2013\/05\/cuadro_rector_JJimenez1-1024x682.jpg 1024w, https:\/\/www.upo.es\/diario\/wp-content\/uploads\/2013\/05\/cuadro_rector_JJimenez1-600x400.jpg 600w\" sizes=\"auto, (max-width: 320px) 100vw, 320px\" \/><\/a><figcaption id=\"caption-attachment-942566\" class=\"wp-caption-text\">El cuadro es obra de la pintora sevillana Reyes de la Lastra<\/figcaption><\/figure>\n<figure id=\"attachment_942567\" aria-describedby=\"caption-attachment-942567\" style=\"width: 320px\" class=\"wp-caption alignright\"><a href=\"https:\/\/www.upo.es\/diario\/wp-content\/uploads\/2013\/05\/cuadro_rector_JJimenez.jpg\"><img loading=\"lazy\" decoding=\"async\" class=\"size-medium wp-image-942567\" alt=\"Vicente C. Guzm\u00e1n (en el centro) junto a Juan Jim\u00e9nez y Reyes de la Lastra (con el cuadro de fondo)\" src=\"https:\/\/www.upo.es\/diario\/wp-content\/uploads\/2013\/05\/cuadro_rector_JJimenez-320x213.jpg\" width=\"320\" height=\"213\" srcset=\"https:\/\/www.upo.es\/diario\/wp-content\/uploads\/2013\/05\/cuadro_rector_JJimenez-320x213.jpg 320w, https:\/\/www.upo.es\/diario\/wp-content\/uploads\/2013\/05\/cuadro_rector_JJimenez-1024x682.jpg 1024w, https:\/\/www.upo.es\/diario\/wp-content\/uploads\/2013\/05\/cuadro_rector_JJimenez-600x400.jpg 600w\" sizes=\"auto, (max-width: 320px) 100vw, 320px\" \/><\/a><figcaption id=\"caption-attachment-942567\" class=\"wp-caption-text\">Vicente C. Guzm\u00e1n (en el centro) junto a Juan Jim\u00e9nez y Reyes de la Lastra<\/figcaption><\/figure>\n<p>Ayer martes 28 de mayo se inaugur\u00f3 el retrato de Juan Jim\u00e9nez Mart\u00ednez en la Galer\u00eda de Retratos de Rectores de la Universidad Pablo de Olavide, situada en el Rectorado \u201cRosario Valpuesta\u201d y que incorpora a todos los rectores que han estado al frente de esta Universidad.<\/p>\n<p>El acto estuvo presidido por el rector de la UPO Vicente Guzm\u00e1n, quien estuvo acompa\u00f1ado por Juan Jim\u00e9nez y por la autora del retrato, la pintora Reyes de la Lastra. Tambi\u00e9n asistieron Agust\u00edn Madrid, quien fue rector de la UPO, y miembros del equipo de gobierno de Juan Jim\u00e9nez y del actual, as\u00ed como miembros de la comunidad universitaria.<\/p>\n<p>El cuadro de la pintora sevillana Reyes de la Lastra es un \u00f3leo sobre lino en el que aparecen elementos alusivos a la dilatada carrera de Juan Jim\u00e9nez como docente e investigador especializado en Gen\u00e9tica.<\/p>\n<p><b>Juan Jim\u00e9nez Mart\u00ednez<\/b><\/p>\n<p>Juan Jim\u00e9nez Mart\u00ednez\u00a0 ha sido\u00a0 rector de la Universidad Pablo de Olavide desde mayo de 2007 a junio de 2012. Catedr\u00e1tico de Gen\u00e9tica, es investigador principal del Centro Andaluz de Biolog\u00eda del Desarrollo (CABD), centro al que se incorpor\u00f3 en 1998 desde su C\u00e1tedra de la Universidad de M\u00e1laga y del que fue su primer director.<\/p>\n<p>Nacido en Sevilla en 1959, casado y con dos hijos, se licenci\u00f3 en Biolog\u00eda en la Universidad de Sevilla y realiz\u00f3 su Doctorado en el Departamento de Gen\u00e9tica de esa misma universidad. La tesis vers\u00f3 sobre la gen\u00e9tica de las levaduras del vino, los organismos m\u00e1s tolerantes a alcohol que existen en la naturaleza (obtuvo el Premio del Ayuntamiento de Sevilla a la mejor Tesis presentada en el curso acad\u00e9mico 86\/87).<\/p>\n<p>Su formaci\u00f3n doctoral se complet\u00f3 en el Gulbenkian Institute of Science (Oeiras, Portugal), y la posdoctoral en el Imperial Cancer Research Fund. (Londres), y en la Universidad de Oxford -de la mano del Premio Nobel Paul Nurse-, estudiando cambios gen\u00e9ticos en el control de la c\u00e9lula que pueden dar lugar a un c\u00e1ncer. Ha desarrollado numerosos proyectos europeos, nacionales y regionales, y ha publicado m\u00e1s de 50 trabajos internacionales, que le han valido el reconocimiento de cuatro tramos de investigaci\u00f3n por parte de la Comisi\u00f3n Nacional de Evaluaci\u00f3n de la Actividad Investigadora.<\/p>\n<p>Pero su carrera investigadora siempre ha estado aparejada a la docente, una actividad que lleva ejerciendo m\u00e1s de 30 a\u00f1os. Ha sido profesor en las Universidades de Sevilla, Oxford, M\u00e1laga y Pablo de Olavide. Actualmente codirige el Master en Criminolog\u00eda y Ciencias Forenses de la UPO.<\/p>\n<p>Adem\u00e1s de la docencia y la investigaci\u00f3n, Juan Jim\u00e9nez ha dedicado parte de su esfuerzo a la gesti\u00f3n, especialmente en la Universidad de M\u00e1laga y en la UPO. En particular, en la UPO, ha formado parte del Claustro desde su constituci\u00f3n, ha sido vicerrector de Investigaci\u00f3n y rector accidental (2001-2003), director del Centro Andaluz de Biolog\u00eda del Desarrollo (2003-2007), y rector (2007-2012).<\/p>\n<p>Ha asumido tambi\u00e9n tareas de gesti\u00f3n de proyectos como miembro de la Comisi\u00f3n Evaluadora de Proyectos de Investigaci\u00f3n del Plan Nacional (1997-1998), vocal de la Ponencia de Ciencias de la Vida de la Consejer\u00eda de Educaci\u00f3n y Ciencia (2000-2001) y miembro de la Comisi\u00f3n de Infraestructura Cient\u00edfica del Instituto Carlos III (2006).<\/p>\n","protected":false},"excerpt":{"rendered":"<p>Ayer martes 28 de mayo se inaugur\u00f3 el retrato de Juan Jim\u00e9nez Mart\u00ednez en la Galer\u00eda de Retratos de Rectores de la Universidad Pablo de Olavide, situada en el Rectorado \u201cRosario Valpuesta\u201d y que incorpora a todos los rectores que han estado al frente de esta Universidad. El acto estuvo presidido por el rector de la UPO Vicente Guzm\u00e1n, quien estuvo acompa\u00f1ado por Juan Jim\u00e9nez y por la autora del retrato, la pintora Reyes de la Lastra.<\/p>\n","protected":false},"author":6,"featured_media":0,"comment_status":"closed","ping_status":"open","sticky":false,"template":"","format":"standard","meta":{"_monsterinsights_skip_tracking":false,"_monsterinsights_sitenote_active":false,"_monsterinsights_sitenote_note":"","_monsterinsights_sitenote_category":0,"footnotes":""},"categories":[6],"tags":[265,631,38,106],"class_list":["post-942565","post","type-post","status-publish","format-standard","hentry","category-institucional","tag-arte","tag-juan-jimenez","tag-rector","tag-vicente-c-guzman"],"_links":{"self":[{"href":"https:\/\/www.upo.es\/diario\/wp-json\/wp\/v2\/posts\/942565","targetHints":{"allow":["GET"]}}],"collection":[{"href":"https:\/\/www.upo.es\/diario\/wp-json\/wp\/v2\/posts"}],"about":[{"href":"https:\/\/www.upo.es\/diario\/wp-json\/wp\/v2\/types\/post"}],"author":[{"embeddable":true,"href":"https:\/\/www.upo.es\/diario\/wp-json\/wp\/v2\/users\/6"}],"replies":[{"embeddable":true,"href":"https:\/\/www.upo.es\/diario\/wp-json\/wp\/v2\/comments?post=942565"}],"version-history":[{"count":6,"href":"https:\/\/www.upo.es\/diario\/wp-json\/wp\/v2\/posts\/942565\/revisions"}],"predecessor-version":[{"id":946950,"href":"https:\/\/www.upo.es\/diario\/wp-json\/wp\/v2\/posts\/942565\/revisions\/946950"}],"wp:attachment":[{"href":"https:\/\/www.upo.es\/diario\/wp-json\/wp\/v2\/media?parent=942565"}],"wp:term":[{"taxonomy":"category","embeddable":true,"href":"https:\/\/www.upo.es\/diario\/wp-json\/wp\/v2\/categories?post=942565"},{"taxonomy":"post_tag","embeddable":true,"href":"https:\/\/www.upo.es\/diario\/wp-json\/wp\/v2\/tags?post=942565"}],"curies":[{"name":"wp","href":"https:\/\/api.w.org\/{rel}","templated":true}]}}