{"id":942756,"date":"2013-05-28T05:55:48","date_gmt":"2013-05-28T05:55:48","guid":{"rendered":"https:\/\/www.upo.es\/diario\/?p=942756"},"modified":"2013-05-29T11:33:53","modified_gmt":"2013-05-29T11:33:53","slug":"la-universidad-pablo-de-olavide-entrega-manana-los-premios-a-la-excelencia-academica-del-curso-20112012","status":"publish","type":"post","link":"https:\/\/www.upo.es\/diario\/institucional\/2013\/05\/la-universidad-pablo-de-olavide-entrega-manana-los-premios-a-la-excelencia-academica-del-curso-20112012\/","title":{"rendered":"La Universidad Pablo de Olavide entrega ma\u00f1ana los Premios a la Excelencia Acad\u00e9mica del curso 2011\/2012"},"content":{"rendered":"<p>El rector de la Universidad Pablo de Olavide, Vicente Guzm\u00e1n Fluja, acompa\u00f1ado por el vicerrector de Estudiantes, Deporte y Medio Ambiente, Modesto Luce\u00f1o Garc\u00e9s, preside ma\u00f1ana mi\u00e9rcoles a las 10 horas, en el Paraninfo, el acto de entrega de los Premios a la Excelencia Acad\u00e9mica de la Universidad Pablo de Olavide del curso 2011\/2012. En dicho acto estar\u00e1n tambi\u00e9n presentes el secretario general de la Universidad, Jos\u00e9 Antonio Colmenero Guerra; la vicepresidenta ejecutiva de Fundaciones de la UPO, Ana G\u00f3mez P\u00e9rez, as\u00ed como los decanos de las distintas facultades.<\/p>\n<p>Durante el acto, se entregar\u00e1n un total de 108 premios que corresponden a las siguientes categor\u00edas: Premio al M\u00e9rito Acad\u00e9mico, Premio al Mejor Expediente de la UPO y Premio al Mejor Expediente de cada titulaci\u00f3n. Asimismo, se conceder\u00e1n los Premios al Rendimiento Acad\u00e9mico, que corresponden a los expedientes con mejores notas de acceso y a los mejores expedientes de primer curso y primer ciclo de cada una de las titulaciones de la Universidad Pablo de Olavide.<\/p>\n","protected":false},"excerpt":{"rendered":"<p>El rector de la Universidad Pablo de Olavide, Vicente Guzm\u00e1n Fluja, acompa\u00f1ado por el vicerrector de Estudiantes, Deporte y Medio Ambiente, Modesto Luce\u00f1o Garc\u00e9s, preside ma\u00f1ana mi\u00e9rcoles a las 10 horas, en el Paraninfo, el acto de entrega de los Premios a la Excelencia Acad\u00e9mica de la Universidad Pablo de Olavide del curso 2011\/2012. En dicho acto estar\u00e1n tambi\u00e9n presentes el secretario general de la Universidad, Jos\u00e9 Antonio Colmenero Guerra; la vicepresidenta ejecutiva de Fundaciones de la UPO, Ana G\u00f3mez P\u00e9rez, as\u00ed como los decanos de las distintas facultades.<\/p>\n","protected":false},"author":6,"featured_media":0,"comment_status":"closed","ping_status":"open","sticky":false,"template":"","format":"standard","meta":{"_monsterinsights_skip_tracking":false,"_monsterinsights_sitenote_active":false,"_monsterinsights_sitenote_note":"","_monsterinsights_sitenote_category":0,"footnotes":""},"categories":[6],"tags":[21,58,38,106],"class_list":["post-942756","post","type-post","status-publish","format-standard","hentry","category-institucional","tag-estudiantes","tag-premio","tag-rector","tag-vicente-c-guzman"],"_links":{"self":[{"href":"https:\/\/www.upo.es\/diario\/wp-json\/wp\/v2\/posts\/942756","targetHints":{"allow":["GET"]}}],"collection":[{"href":"https:\/\/www.upo.es\/diario\/wp-json\/wp\/v2\/posts"}],"about":[{"href":"https:\/\/www.upo.es\/diario\/wp-json\/wp\/v2\/types\/post"}],"author":[{"embeddable":true,"href":"https:\/\/www.upo.es\/diario\/wp-json\/wp\/v2\/users\/6"}],"replies":[{"embeddable":true,"href":"https:\/\/www.upo.es\/diario\/wp-json\/wp\/v2\/comments?post=942756"}],"version-history":[{"count":8,"href":"https:\/\/www.upo.es\/diario\/wp-json\/wp\/v2\/posts\/942756\/revisions"}],"predecessor-version":[{"id":946954,"href":"https:\/\/www.upo.es\/diario\/wp-json\/wp\/v2\/posts\/942756\/revisions\/946954"}],"wp:attachment":[{"href":"https:\/\/www.upo.es\/diario\/wp-json\/wp\/v2\/media?parent=942756"}],"wp:term":[{"taxonomy":"category","embeddable":true,"href":"https:\/\/www.upo.es\/diario\/wp-json\/wp\/v2\/categories?post=942756"},{"taxonomy":"post_tag","embeddable":true,"href":"https:\/\/www.upo.es\/diario\/wp-json\/wp\/v2\/tags?post=942756"}],"curies":[{"name":"wp","href":"https:\/\/api.w.org\/{rel}","templated":true}]}}