{"id":9465660,"date":"2015-04-07T06:00:11","date_gmt":"2015-04-07T06:00:11","guid":{"rendered":"https:\/\/www.upo.es\/diario\/?p=9465660"},"modified":"2015-04-08T11:18:33","modified_gmt":"2015-04-08T11:18:33","slug":"la-universidad-pablo-de-olavide-celebra-a-partir-de-manana-su-ix-semana-verde","status":"publish","type":"post","link":"https:\/\/www.upo.es\/diario\/institucional\/2015\/04\/la-universidad-pablo-de-olavide-celebra-a-partir-de-manana-su-ix-semana-verde\/","title":{"rendered":"La Universidad Pablo de Olavide celebra a partir de ma\u00f1ana su IX Semana Verde"},"content":{"rendered":"<p><a href=\"https:\/\/www.upo.es\/diario\/wp-content\/uploads\/2015\/04\/cartelsemana2015.jpg\"><img loading=\"lazy\" decoding=\"async\" class=\"alignright size-medium wp-image-9465661\" alt=\"cartelsemana2015\" src=\"https:\/\/www.upo.es\/diario\/wp-content\/uploads\/2015\/04\/cartelsemana2015-226x320.jpg\" width=\"226\" height=\"320\" srcset=\"https:\/\/www.upo.es\/diario\/wp-content\/uploads\/2015\/04\/cartelsemana2015-226x320.jpg 226w, https:\/\/www.upo.es\/diario\/wp-content\/uploads\/2015\/04\/cartelsemana2015-424x600.jpg 424w, https:\/\/www.upo.es\/diario\/wp-content\/uploads\/2015\/04\/cartelsemana2015-600x848.jpg 600w, https:\/\/www.upo.es\/diario\/wp-content\/uploads\/2015\/04\/cartelsemana2015.jpg 827w\" sizes=\"auto, (max-width: 226px) 100vw, 226px\" \/><\/a>La <a href=\"http:\/\/www.upo.es\/portal\/impe\/web\/portada\">Universidad Pablo de Olavide<\/a> celebrar\u00e1 a partir ma\u00f1ana mi\u00e9rcoles 8 de abril y hasta el pr\u00f3ximo s\u00e1bado d\u00eda 11, la novena edici\u00f3n de la <b><a href=\"http:\/\/www.upo.es\/semanaverde\/export\/sites\/semana_verde\/documentos\/Diptico_Jornadas_Verdes-3.pdf\">Semana Verde<\/a><\/b>, un encuentro organizado por el Vicerrectorado de Estudiantes, Cultura y Participaci\u00f3n Social, a trav\u00e9s de su l\u00ednea de actuaci\u00f3n de Educaci\u00f3n Ambiental y Sostenibilidad, en el que tendr\u00e1n lugar numerosas actividades para concienciar a la comunidad universitaria sobre los problemas socioambientales, tales como talleres, juegos, charlas, cursos, exposiciones y rutas.<\/p>\n<p>La inauguraci\u00f3n tendr\u00e1 lugar ma\u00f1ana mi\u00e9rcoles a las 10:30 horas en el aula 103 del edificio 24 a cargo de Germ\u00e1n Jara\u00edz Arroyo, director general de Programaci\u00f3n Cultural y Social de la UPO. A continuaci\u00f3n se celebrar\u00e1 la charla \u201cRed Natura 2000\u201d a cargo de Juan Jos\u00e9 Gonz\u00e1lez, t\u00e9cnico del Servicio de Espacios Naturales Protegidos de la Delegaci\u00f3n Territorial de Agricultura, Pesca y Medio Ambiente, quien dar\u00e1 a conocer los detalles de esta red y los espacios andaluces que est\u00e1n incluidos en ella. A las 11:30 horas, en el aula B02 del edificio 45, tendr\u00e1 lugar el <b>taller ornitol\u00f3gico \u201cP\u00e1jaros en la cabeza. Aprendiendo a ense\u00f1ar con las aves\u201d<\/b>, en el que Rafael Benjumea, educador y bi\u00f3logo especializado en ornitolog\u00eda y migraci\u00f3n de aves, plantear\u00e1 el estudio de las aves como herramienta para la educaci\u00f3n ambiental. Adem\u00e1s, Jes\u00fas Pinilla, t\u00e9cnico de <a href=\"http:\/\/www.seo.org\/\">SEO\/BirdLife<\/a>, presentar\u00e1 diferentes programas de seguimiento de avifauna y de participaci\u00f3n ciudadana relacionados con la tem\u00e1tica.<\/p>\n<p>El jueves 9 de abril se celebrar\u00e1 en la UPO el D\u00eda del Reciclaje, en el que los universitarios podr\u00e1n conocer c\u00f3mo es la gesti\u00f3n de los residuos s\u00f3lidos en Andaluc\u00eda. As\u00ed, de 10 a 18 horas, en el Pasaje de la Ilustraci\u00f3n, se han programado talleres de reciclaje creativo, la exposici\u00f3n \u201cLa gesti\u00f3n de nuestros residuos\u00bb, din\u00e1micas y juegos o un rinc\u00f3n del ocio.<\/p>\n<p>El jueves tambi\u00e9n est\u00e1 prevista la realizaci\u00f3n de un <b>taller sobre variedades tradicionales de semillas<\/b>, que ser\u00e1 impartido por Mar\u00eda Carrascosa, de la <a href=\"http:\/\/www.redandaluzadesemillas.org\/\">Red Andaluza de Semillas<\/a>, a las 10:00 horas en el aula 105 del edificio 24. Tambi\u00e9n a las 10:00 horas en la puerta del Edificio Celestino Mutis, durante toda la ma\u00f1ana, se instalar\u00e1 un stand sobre el Banco del Tiempo de la UPO, en el que se proporcionar\u00e1 informaci\u00f3n sobre su funcionamiento, c\u00f3mo inscribirse, las ofertas y demandas disponibles, as\u00ed como los trabajos que est\u00e1 haciendo el grupo motor. A las 12:00 horas, en el aula 111 del edificio 24, se celebrar\u00e1 un <b>taller pr\u00e1ctico de elaboraci\u00f3n de cerveza artesana<\/b> a cargo de Arturo Jim\u00e9nez y Emilio Merc\u00e9, del <a href=\"http:\/\/larendija.eu\/\">Mercao Social La Rendija<\/a>. La actividad comenzar\u00e1 con una breve presentaci\u00f3n de los mercados sociales para luego hacer un viaje a trav\u00e9s del uso de los cereales, las hierbas y las levaduras en el camino a la elaboraci\u00f3n de la cerveza.<\/p>\n<p>El jueves por la tarde, a las 17:00 horas, en el aula 9 del edificio 13, se celebrar\u00e1 el curso de Agroecolog\u00eda \u201cAplicaci\u00f3n de recursos fitogen\u00e9ticos de origen americano a los Huertos UPO\u201d que ser\u00e1 impartido por Salvador Jim\u00e9nez, bi\u00f3logo y etnobot\u00e1nico de la <a href=\"http:\/\/huertodelacora.es.tl\/\">Asociaci\u00f3n Ecocultural Huerto de la Cora<\/a> de J\u00f3dar, cuyo objetivo es realizar un an\u00e1lisis agroecol\u00f3gico in situ aplicado a los Huertos de la UPO as\u00ed como explorar el potencial de la flora americana en la construcci\u00f3n agroecol\u00f3gica andaluza y mediterr\u00e1nea. La segunda y \u00faltima jornada de este curso se celebrar\u00e1 el viernes 10 de abril a las 10:00 horas en el aula 8 del edificio 13.<\/p>\n<p>El viernes 10 de abril, a las 12:00 horas en el aula 104 del edificio 24, se celebrar\u00e1 el <b>taller \u201cOtra forma de mirar tu d\u00eda\u201d<\/b>, que ser\u00e1 impartido por la Asociaci\u00f3n Caminos y Ciencia y en el que los interesados podr\u00e1n realizar una peque\u00f1a ruta por los espacios comunes de las zonas universitarias en las que se desarrolla la jornada habitual de cualquier persona de la comunidad universitaria, analizando el trasfondo cient\u00edfico y ambiental de los mismos.<\/p>\n<p>Tambi\u00e9n el viernes, a las 10:00 horas, en el aula 103 del edificio 24, se celebrar\u00e1 la charla de Geolog\u00eda \u201cEl mar a principios del Paleozoico: una mirada al Cerro del Hierro\u201d, que ser\u00e1 impartida por Alberto Gil, t\u00e9cnico del Geoparque del Cerro del Hierro del Parque Natural Sierra Norte de Sevilla, y por Juan Carlos Balany\u00e1, profesor del \u00c1rea de Geodin\u00e1mica Interna de la UPO. Esta charla se completar\u00e1 el s\u00e1bado 11 de abril con una <b>ruta de senderismo por el Geoparque del Cerro del Hierro<\/b>, guiada por Alberto Gil.<\/p>\n<p>Todas estas actividades, abiertas a la comunidad universitaria y a la poblaci\u00f3n en general, est\u00e1n organizadas por el Vicerrectorado de Estudiantes, Cultura y Participaci\u00f3n Social de la Universidad Pablo de Olavide, a trav\u00e9s de su l\u00ednea de actuaci\u00f3n de Educaci\u00f3n Ambiental y Sostenibilidad, con el apoyo de la <a href=\"http:\/\/www.juntadeandalucia.es\/organismos\/agriculturapescaymedioambiente.html\">Consejer\u00eda de Agricultura, Pesca y Medio Ambiente<\/a> en el marco del Convenio Andaluc\u00eda Ecocampus firmado en el a\u00f1o 2010, y cofinanciadas por el Fondo Europeo de Desarrollo Regional.<\/p>\n<p><b><a href=\"http:\/\/www.upo.es\/semanaverde\/export\/sites\/semana_verde\/documentos\/Diptico_Jornadas_Verdes-3.pdf\">PROGRAMA<\/a><\/b><\/p>\n","protected":false},"excerpt":{"rendered":"<p>La Universidad Pablo de Olavide celebrar\u00e1 a partir ma\u00f1ana mi\u00e9rcoles 8 de abril y hasta el pr\u00f3ximo s\u00e1bado d\u00eda 11, la novena edici\u00f3n de la Semana Verde, un encuentro organizado por el Vicerrectorado de Estudiantes, Cultura y Participaci\u00f3n Social, a trav\u00e9s de su l\u00ednea de actuaci\u00f3n de Educaci\u00f3n Ambiental y Sostenibilidad, en el que tendr\u00e1n lugar numerosas actividades para concienciar a la comunidad universitaria sobre los problemas socioambientales, tales como talleres, juegos, charlas, cursos, exposiciones y rutas.<\/p>\n","protected":false},"author":2,"featured_media":0,"comment_status":"closed","ping_status":"open","sticky":false,"template":"","format":"standard","meta":{"_monsterinsights_skip_tracking":false,"_monsterinsights_sitenote_active":false,"_monsterinsights_sitenote_note":"","_monsterinsights_sitenote_category":0,"footnotes":""},"categories":[6],"tags":[901,429,447,441,549],"class_list":["post-9465660","post","type-post","status-publish","format-standard","hentry","category-institucional","tag-charla","tag-medio-ambiente","tag-reciclaje","tag-semana-verde","tag-talleres"],"_links":{"self":[{"href":"https:\/\/www.upo.es\/diario\/wp-json\/wp\/v2\/posts\/9465660","targetHints":{"allow":["GET"]}}],"collection":[{"href":"https:\/\/www.upo.es\/diario\/wp-json\/wp\/v2\/posts"}],"about":[{"href":"https:\/\/www.upo.es\/diario\/wp-json\/wp\/v2\/types\/post"}],"author":[{"embeddable":true,"href":"https:\/\/www.upo.es\/diario\/wp-json\/wp\/v2\/users\/2"}],"replies":[{"embeddable":true,"href":"https:\/\/www.upo.es\/diario\/wp-json\/wp\/v2\/comments?post=9465660"}],"version-history":[{"count":6,"href":"https:\/\/www.upo.es\/diario\/wp-json\/wp\/v2\/posts\/9465660\/revisions"}],"predecessor-version":[{"id":9470246,"href":"https:\/\/www.upo.es\/diario\/wp-json\/wp\/v2\/posts\/9465660\/revisions\/9470246"}],"wp:attachment":[{"href":"https:\/\/www.upo.es\/diario\/wp-json\/wp\/v2\/media?parent=9465660"}],"wp:term":[{"taxonomy":"category","embeddable":true,"href":"https:\/\/www.upo.es\/diario\/wp-json\/wp\/v2\/categories?post=9465660"},{"taxonomy":"post_tag","embeddable":true,"href":"https:\/\/www.upo.es\/diario\/wp-json\/wp\/v2\/tags?post=9465660"}],"curies":[{"name":"wp","href":"https:\/\/api.w.org\/{rel}","templated":true}]}}