{"id":9470238,"date":"2015-04-08T12:00:04","date_gmt":"2015-04-08T12:00:04","guid":{"rendered":"https:\/\/www.upo.es\/diario\/?p=9470238"},"modified":"2015-04-09T12:33:54","modified_gmt":"2015-04-09T12:33:54","slug":"la-universidad-pablo-de-olavide-impartira-nueve-talleres-de-orientacion-profesional-en-el-mes-de-abril","status":"publish","type":"post","link":"https:\/\/www.upo.es\/diario\/institucional\/2015\/04\/la-universidad-pablo-de-olavide-impartira-nueve-talleres-de-orientacion-profesional-en-el-mes-de-abril\/","title":{"rendered":"La Universidad Pablo de Olavide impartir\u00e1 nueve talleres de orientaci\u00f3n profesional en el mes de abril"},"content":{"rendered":"<figure id=\"attachment_2294850\" aria-describedby=\"caption-attachment-2294850\" style=\"width: 163px\" class=\"wp-caption alignright\"><a href=\"https:\/\/www.upo.es\/diario\/wp-content\/uploads\/2013\/12\/andalucia_orienta.png\"><img loading=\"lazy\" decoding=\"async\" class=\"size-full wp-image-2294850\" alt=\"Logo Andaluc\u00eda Orienta (ilustraci\u00f3n de un faro)\" src=\"https:\/\/www.upo.es\/diario\/wp-content\/uploads\/2013\/12\/andalucia_orienta.png\" width=\"163\" height=\"180\" \/><\/a><figcaption id=\"caption-attachment-2294850\" class=\"wp-caption-text\">Andaluc\u00eda Orienta es un servicio subvencionado por el Servicio Andaluz de Empleo<\/figcaption><\/figure>\n<p style=\"text-align: justify;\">La Universidad Pablo de Olavide, a trav\u00e9s de la unidad Andaluc\u00eda Orienta de la Fundaci\u00f3n Universidad-Sociedad, ofrece talleres grupales sobre empleabilidad y emprendimiento para sus estudiantes y titulados de grado y postgrado demandantes de empleo, con el objetivo de asesorarlos, tanto en la b\u00fasqueda de trabajo como en la creaci\u00f3n de empresas y favorecer su futura inserci\u00f3n laboral.<\/p>\n<p style=\"text-align: justify;\">En concreto, esta oferta, que se imparte peri\u00f3dicamente, tiene programados un total de nueve talleres que se impartir\u00e1n en el mes de abril sobre diferentes tem\u00e1ticas de inter\u00e9s para los demandantes de empleo. En concreto, ma\u00f1ana 9 de abril se realizar\u00e1 uno sobre \u201cPr\u00e1cticas y becas\u201d y un d\u00eda despu\u00e9s, el viernes 10 se impartir\u00e1n otros dos sobre b\u00fasqueda activa de empleo, tanto en el sector social como en el profesional, haciendo incidencia en las salidas profesionales.<\/p>\n<p style=\"text-align: justify;\">Todos los talleres se impartir\u00e1n en la Universidad Pablo de Olavide con un m\u00e1ximo de 30 plazas por actividad. Previamente a cada taller, se citar\u00e1 a los asistentes en el despacho 73 del Edificio 45, para desde all\u00ed dirigirse al aula correspondiente.<\/p>\n<p style=\"text-align: justify;\">Durante las pr\u00f3ximas semanas, se organizar\u00e1n talleres sobre b\u00fasqueda activa de empleo ambiental, motivaci\u00f3n para emprender o recursos para la mejora del ingl\u00e9s. Adem\u00e1s, se realizar\u00e1 otros centrados en la b\u00fasqueda activa de empleo y marca personal, as\u00ed como sobre empleo p\u00fablico.<\/p>\n<p style=\"text-align: justify;\">Todos los interesados en participar en estos talleres deben ser demandantes de empleo e inscribirse enviando un correo electr\u00f3nico a la direcci\u00f3n <a href=\"mailto:orientacionprofesional@fundacion.upo.es\">orientacionprofesional@fundacion.upo.es<\/a> indicando su nombre, apellidos, estudios, tel\u00e9fono y la actividad a la que quieren asistir, o bien, llamando por tel\u00e9fono al 954 34 98 15.<\/p>\n<p style=\"text-align: justify;\">Listado de talleres grupales para el mes de abril:<\/p>\n<table border=\"1\" cellspacing=\"0\" cellpadding=\"0\">\n<tbody>\n<tr>\n<td valign=\"top\" width=\"384\"><b>NOMBRE DEL TALLER<\/b><\/td>\n<td width=\"113\">\n<p align=\"center\">FECHA<\/p>\n<\/td>\n<td width=\"132\">\n<p align=\"center\">HORARIO<\/p>\n<\/td>\n<\/tr>\n<tr>\n<td valign=\"top\" width=\"384\">PR\u00c1CTICAS Y BECAS<\/td>\n<td width=\"113\">\n<p align=\"center\">09\/04\/2015<\/p>\n<\/td>\n<td width=\"132\">\n<p align=\"center\">9:30-12:30<\/p>\n<\/td>\n<\/tr>\n<tr>\n<td valign=\"top\" width=\"384\">B\u00daSQUEDA ACTIVA DE EMPLEO EN EL SECTOR SOCIAL (SALIDAS PROFESIONALES)<\/td>\n<td width=\"113\">\n<p align=\"center\">10\/04\/2015<\/p>\n<\/td>\n<td width=\"132\">\n<p align=\"center\">9:30-13:30<\/p>\n<\/td>\n<\/tr>\n<tr>\n<td valign=\"top\" width=\"384\">B\u00daSQUEDA ACTIVA DE EMPLEO EN EL SECTOR EMPRESA (SALIDAS PROFESIONALES)<\/td>\n<td width=\"113\">\n<p align=\"center\">10\/04\/2015<\/p>\n<\/td>\n<td width=\"132\">\n<p align=\"center\">9:30-13:30<\/p>\n<\/td>\n<\/tr>\n<tr>\n<td valign=\"top\" width=\"384\">MOTIVACI\u00d3N PARA EMPRENDER (CADE)<\/td>\n<td width=\"113\">\n<p align=\"center\">15\/04\/2015<\/p>\n<\/td>\n<td width=\"132\">\n<p align=\"center\">10:00-13:00<\/p>\n<\/td>\n<\/tr>\n<tr>\n<td valign=\"top\" width=\"384\">B\u00daSQUEDA ACTIVA EMPLEO AMBIENTAL<\/td>\n<td width=\"113\">\n<p align=\"center\">16\/04\/2015<\/p>\n<\/td>\n<td width=\"132\">\n<p align=\"center\">9:30-13:30<\/p>\n<\/td>\n<\/tr>\n<tr>\n<td valign=\"top\" width=\"384\">RECURSOS PARA LA MEJORA DEL INGL\u00c9S<\/td>\n<td width=\"113\">\n<p align=\"center\">17\/04\/2015<\/p>\n<\/td>\n<td width=\"132\">\n<p align=\"center\">9:30-13:30<\/p>\n<\/td>\n<\/tr>\n<tr>\n<td valign=\"top\" width=\"384\">B\u00daSQUEDA ACTIVA DE EMPLEO Y MARCA PERSONAL<\/td>\n<td width=\"113\">\n<p align=\"center\">28\/04\/2015<\/p>\n<\/td>\n<td width=\"132\">\n<p align=\"center\">9:30-13:30<\/p>\n<\/td>\n<\/tr>\n<tr>\n<td valign=\"top\" width=\"384\">EMPLEO P\u00daBLICO<\/td>\n<td width=\"113\">\n<p align=\"center\">29\/04\/2015<\/p>\n<\/td>\n<td width=\"132\">\n<p align=\"center\">9:30-13:30<\/p>\n<\/td>\n<\/tr>\n<tr>\n<td valign=\"top\" width=\"384\">PR\u00c1CTICAS Y BECAS<\/td>\n<td width=\"113\">\n<p align=\"center\">30\/04\/2015<\/p>\n<\/td>\n<td width=\"132\">\n<p align=\"center\">9:30-12:30<\/p>\n<\/td>\n<\/tr>\n<\/tbody>\n<\/table>\n<p>&nbsp;<\/p>\n","protected":false},"excerpt":{"rendered":"<p>La Universidad Pablo de Olavide, a trav\u00e9s de la unidad Andaluc\u00eda Orienta de la Fundaci\u00f3n Universidad-Sociedad, ofrece talleres grupales sobre empleabilidad y emprendimiento para sus estudiantes y titulados de grado y postgrado demandantes de empleo, con el objetivo de asesorarlos, tanto en la b\u00fasqueda de trabajo como en la creaci\u00f3n de empresas y favorecer su futura inserci\u00f3n laboral.<\/p>\n","protected":false},"author":4,"featured_media":0,"comment_status":"closed","ping_status":"open","sticky":false,"template":"","format":"standard","meta":{"_monsterinsights_skip_tracking":false,"_monsterinsights_sitenote_active":false,"_monsterinsights_sitenote_note":"","_monsterinsights_sitenote_category":0,"footnotes":""},"categories":[6],"tags":[2295,1107,205,549],"class_list":["post-9470238","post","type-post","status-publish","format-standard","hentry","category-institucional","tag-andalucia-orienta","tag-fundacion-universidad-sociedad","tag-orientacion-profesional","tag-talleres"],"_links":{"self":[{"href":"https:\/\/www.upo.es\/diario\/wp-json\/wp\/v2\/posts\/9470238","targetHints":{"allow":["GET"]}}],"collection":[{"href":"https:\/\/www.upo.es\/diario\/wp-json\/wp\/v2\/posts"}],"about":[{"href":"https:\/\/www.upo.es\/diario\/wp-json\/wp\/v2\/types\/post"}],"author":[{"embeddable":true,"href":"https:\/\/www.upo.es\/diario\/wp-json\/wp\/v2\/users\/4"}],"replies":[{"embeddable":true,"href":"https:\/\/www.upo.es\/diario\/wp-json\/wp\/v2\/comments?post=9470238"}],"version-history":[{"count":4,"href":"https:\/\/www.upo.es\/diario\/wp-json\/wp\/v2\/posts\/9470238\/revisions"}],"predecessor-version":[{"id":9470240,"href":"https:\/\/www.upo.es\/diario\/wp-json\/wp\/v2\/posts\/9470238\/revisions\/9470240"}],"wp:attachment":[{"href":"https:\/\/www.upo.es\/diario\/wp-json\/wp\/v2\/media?parent=9470238"}],"wp:term":[{"taxonomy":"category","embeddable":true,"href":"https:\/\/www.upo.es\/diario\/wp-json\/wp\/v2\/categories?post=9470238"},{"taxonomy":"post_tag","embeddable":true,"href":"https:\/\/www.upo.es\/diario\/wp-json\/wp\/v2\/tags?post=9470238"}],"curies":[{"name":"wp","href":"https:\/\/api.w.org\/{rel}","templated":true}]}}