{"id":9470436,"date":"2015-04-08T12:12:08","date_gmt":"2015-04-08T12:12:08","guid":{"rendered":"https:\/\/www.upo.es\/diario\/?p=9470436"},"modified":"2015-04-10T06:30:58","modified_gmt":"2015-04-10T06:30:58","slug":"manana-comienza-el-iii-congreso-de-estudiantes-de-derecho-de-la-upo-sobre-criminalidad-transnacional","status":"publish","type":"post","link":"https:\/\/www.upo.es\/diario\/institucional\/2015\/04\/manana-comienza-el-iii-congreso-de-estudiantes-de-derecho-de-la-upo-sobre-criminalidad-transnacional\/","title":{"rendered":"Ma\u00f1ana comienza el III Congreso de Estudiantes de Derecho de la UPO, sobre criminalidad transnacional"},"content":{"rendered":"<figure id=\"attachment_8972089\" aria-describedby=\"caption-attachment-8972089\" style=\"width: 320px\" class=\"wp-caption alignright\"><img loading=\"lazy\" decoding=\"async\" class=\"size-medium wp-image-8972089 \" alt=\"Conceptual computer artwork of guns against a background of an Earth map\" src=\"https:\/\/www.upo.es\/diario\/wp-content\/uploads\/2015\/03\/132_1302763-W-320x256.jpg\" width=\"320\" height=\"256\" srcset=\"https:\/\/www.upo.es\/diario\/wp-content\/uploads\/2015\/03\/132_1302763-W-320x256.jpg 320w, https:\/\/www.upo.es\/diario\/wp-content\/uploads\/2015\/03\/132_1302763-W-600x480.jpg 600w, https:\/\/www.upo.es\/diario\/wp-content\/uploads\/2015\/03\/132_1302763-W.jpg 800w\" sizes=\"auto, (max-width: 320px) 100vw, 320px\" \/><figcaption id=\"caption-attachment-8972089\" class=\"wp-caption-text\">\u00a9 VICTOR HABBICK VISIONS\/SCIENCE PHOTO LIBRARY<\/figcaption><\/figure>\n<p>Ma\u00f1ana jueves, a las 16 horas en el Paraninfo de la Universidad Pablo de Olavide, tendr\u00e1 lugar la inauguraci\u00f3n del III Congreso de Alumnos\/as de la Facultad de Derecho de la UPO, en un acto que estar\u00e1 presidido por el rector Vicente Guzm\u00e1n Fluja, quien estar\u00e1 acompa\u00f1ado por Francisco Mu\u00f1oz Conde, catedr\u00e1tico de Derecho Penal de esta universidad; Carmen Velasco Garc\u00eda, profesora titular y ex decana de la Facultad de Derecho; Juana del Carpio Delgado, profesora titular de la UPO y codirectora del congreso, y Urko Lerchundi Rebollo, primer delegado de Estudiantes de la Facultad de Derecho de esta universidad.<\/p>\n<p>La conferencia inaugural del congreso ser\u00e1 impartida a las 16.30 horas por Francisco Mu\u00f1oz Conde, catedr\u00e1tico de Derecho penal de la UPO, y versar\u00e1 sobre \u201cLa reforma de 2015 del C\u00f3digo Penal\u201d. Este congreso tiene como objetivo debatir sobre los problemas jur\u00eddicos, criminol\u00f3gicos, pol\u00edticos y sociales que plantea la criminalidad organizada transnacional.<\/p>\n<p>El III Congreso de Alumnos\/as de la Facultad de Derecho se celebra los d\u00edas 9 y 10 de abril coincidiendo con el cumplimiento este a\u00f1o del 18 aniversario de este centro y de la UPO, y ha sido organizado por la delegaci\u00f3n de estudiantes de la Facultad de Derecho y el \u00c1rea de Derecho penal, en colaboraci\u00f3n con la Asociaci\u00f3n Sevillana de Estudiantes de Criminolog\u00eda de la Universidad Pablo de Olavide.<\/p>\n<p>En el congreso, estructurado tanto en conferencias como en mesas redondas, intervendr\u00e1n magistrados, fiscales y profesores de Derecho penal, procesal e internacional de varias universidades, adem\u00e1s de estudiantes de la Facultad de Derecho de la UPO que tambi\u00e9n han presentado comunicaciones.<\/p>\n<p>&gt; <a href=\"https:\/\/www.upo.es\/upo_opencms\/export\/sites\/upo\/Galerias\/Descargas\/InfoEstudiantes\/diptico-facultad-derecho-congreso.pdf\">III Congreso de Estudiantes de la Facultad de Derecho de la UPO \u2013 Programa (pdf)<\/a><\/p>\n","protected":false},"excerpt":{"rendered":"<p>Ma\u00f1ana jueves, a las 16 horas en el Paraninfo de la Universidad Pablo de Olavide, tendr\u00e1 lugar la inauguraci\u00f3n del III Congreso de Alumnos\/as de la Facultad de Derecho de la UPO, en un acto que estar\u00e1 presidido por el rector Vicente Guzm\u00e1n Fluja, quien estar\u00e1 acompa\u00f1ado por Francisco Mu\u00f1oz Conde, catedr\u00e1tico de Derecho Penal de esta universidad; Carmen Velasco<a class=\"read-more\" href=\"https:\/\/www.upo.es\/diario\/institucional\/2015\/04\/manana-comienza-el-iii-congreso-de-estudiantes-de-derecho-de-la-upo-sobre-criminalidad-transnacional\/\">[Read More&#8230;]<\/a><\/p>\n","protected":false},"author":6,"featured_media":0,"comment_status":"closed","ping_status":"open","sticky":false,"template":"","format":"standard","meta":{"_monsterinsights_skip_tracking":false,"_monsterinsights_sitenote_active":false,"_monsterinsights_sitenote_note":"","_monsterinsights_sitenote_category":0,"footnotes":""},"categories":[6],"tags":[568,354,532,87,842,2017,21,81,1079,446],"class_list":["post-9470436","post","type-post","status-publish","format-standard","hentry","category-institucional","tag-aniversario","tag-congreso","tag-criminologia","tag-derecho","tag-derecho-penal","tag-derecho-procesal","tag-estudiantes","tag-facultad-de-derecho","tag-francisco-munoz-conde","tag-internacional"],"_links":{"self":[{"href":"https:\/\/www.upo.es\/diario\/wp-json\/wp\/v2\/posts\/9470436","targetHints":{"allow":["GET"]}}],"collection":[{"href":"https:\/\/www.upo.es\/diario\/wp-json\/wp\/v2\/posts"}],"about":[{"href":"https:\/\/www.upo.es\/diario\/wp-json\/wp\/v2\/types\/post"}],"author":[{"embeddable":true,"href":"https:\/\/www.upo.es\/diario\/wp-json\/wp\/v2\/users\/6"}],"replies":[{"embeddable":true,"href":"https:\/\/www.upo.es\/diario\/wp-json\/wp\/v2\/comments?post=9470436"}],"version-history":[{"count":10,"href":"https:\/\/www.upo.es\/diario\/wp-json\/wp\/v2\/posts\/9470436\/revisions"}],"predecessor-version":[{"id":9478240,"href":"https:\/\/www.upo.es\/diario\/wp-json\/wp\/v2\/posts\/9470436\/revisions\/9478240"}],"wp:attachment":[{"href":"https:\/\/www.upo.es\/diario\/wp-json\/wp\/v2\/media?parent=9470436"}],"wp:term":[{"taxonomy":"category","embeddable":true,"href":"https:\/\/www.upo.es\/diario\/wp-json\/wp\/v2\/categories?post=9470436"},{"taxonomy":"post_tag","embeddable":true,"href":"https:\/\/www.upo.es\/diario\/wp-json\/wp\/v2\/tags?post=9470436"}],"curies":[{"name":"wp","href":"https:\/\/api.w.org\/{rel}","templated":true}]}}