{"id":9474854,"date":"2015-04-09T06:00:28","date_gmt":"2015-04-09T06:00:28","guid":{"rendered":"https:\/\/www.upo.es\/diario\/?p=9474854"},"modified":"2015-04-10T12:32:19","modified_gmt":"2015-04-10T12:32:19","slug":"manana-taller-otra-forma-de-mirar-tu-dia-en-el-marco-de-la-ix-semana-verde-de-la-upo","status":"publish","type":"post","link":"https:\/\/www.upo.es\/diario\/institucional\/2015\/04\/manana-taller-otra-forma-de-mirar-tu-dia-en-el-marco-de-la-ix-semana-verde-de-la-upo\/","title":{"rendered":"Ma\u00f1ana, taller \u00abOtra forma de mirar tu d\u00eda\u00bb en el marco de la IX Semana Verde de la UPO"},"content":{"rendered":"<figure id=\"attachment_9474858\" aria-describedby=\"caption-attachment-9474858\" style=\"width: 600px\" class=\"wp-caption aligncenter\"><a href=\"https:\/\/www.upo.es\/diario\/wp-content\/uploads\/2015\/04\/semanaverde2.jpg\"><img loading=\"lazy\" decoding=\"async\" class=\"size-large wp-image-9474858\" alt=\"Imagen del taller pr\u00e1ctico sobre variedades tradicionales de semillas.\" src=\"https:\/\/www.upo.es\/diario\/wp-content\/uploads\/2015\/04\/semanaverde2-600x400.jpg\" width=\"600\" height=\"400\" srcset=\"https:\/\/www.upo.es\/diario\/wp-content\/uploads\/2015\/04\/semanaverde2-600x400.jpg 600w, https:\/\/www.upo.es\/diario\/wp-content\/uploads\/2015\/04\/semanaverde2-320x213.jpg 320w\" sizes=\"auto, (max-width: 600px) 100vw, 600px\" \/><\/a><figcaption id=\"caption-attachment-9474858\" class=\"wp-caption-text\">Imagen del taller pr\u00e1ctico sobre variedades tradicionales de semillas.<\/figcaption><\/figure>\n<p>Ma\u00f1ana viernes 10 de abril, a las 12:00 horas en el aula 104 del edificio 24 de la <a href=\"http:\/\/www.upo.es\/portal\/impe\/web\/portada\">Universidad Pablo de Olavide<\/a>, se celebrar\u00e1 el <b>taller \u201cOtra forma de mirar tu d\u00eda\u201d<\/b>, que ser\u00e1 impartido por la Asociaci\u00f3n Caminos y Ciencia y que se celebra en el marco de la <b><a href=\"http:\/\/www.upo.es\/semanaverde\/index.jsp\">Semana Verde<\/a> <\/b>de la UPO. En este taller, los universitarios podr\u00e1n realizar una peque\u00f1a ruta por los espacios comunes del campus en los que se desarrolla su jornada habitual, analizando el trasfondo cient\u00edfico y ambiental de los mismos. As\u00ed, conocer\u00e1n las zonas que usan a diario en la universidad desde otra mirada y las caracter\u00edsticas cient\u00edficas de su vida cotidiana.<\/p>\n<p>Tambi\u00e9n ma\u00f1ana viernes, a las 10:00 horas, en el aula 103 del edificio 24, se celebrar\u00e1 la charla de Geolog\u00eda \u201cEl mar a principios del Paleozoico: una mirada al Cerro del Hierro\u201d, que ser\u00e1 impartida por Alberto Gil, t\u00e9cnico del Geoparque del Cerro del Hierro del Parque Natural Sierra Norte de Sevilla, y por Juan Carlos Balany\u00e1, profesor del \u00c1rea de Geodin\u00e1mica Interna de la UPO. Esta charla se completar\u00e1 el s\u00e1bado 11 de abril con una <b>ruta de senderismo por el Geoparque del Cerro del Hierro<\/b>, guiada por Alberto Gil. Por su parte, ma\u00f1ana viernes se celebrar\u00e1 la segunda y \u00faltima jornada del curso de Agroecolog\u00eda \u201cAplicaci\u00f3n de recursos fitogen\u00e9ticos de origen americano a los Huertos UPO\u201d, impartido por Salvador Jim\u00e9nez, bi\u00f3logo y etnobot\u00e1nico de la <a href=\"http:\/\/huertodelacora.es.tl\/\">Asociaci\u00f3n Ecocultural Huerto de la Cora<\/a> de J\u00f3dar, cuyo objetivo es realizar un an\u00e1lisis agroecol\u00f3gico in situ aplicado a los Huertos de la UPO as\u00ed como explorar el potencial de la flora americana en la construcci\u00f3n agroecol\u00f3gica andaluza y mediterr\u00e1nea. Se celebrar\u00e1 a las 10:00 horas en el aula 8 del edificio 13.<\/p>\n<figure id=\"attachment_9474859\" aria-describedby=\"caption-attachment-9474859\" style=\"width: 320px\" class=\"wp-caption alignright\"><a href=\"https:\/\/www.upo.es\/diario\/wp-content\/uploads\/2015\/04\/semanaverde3.jpg\"><img loading=\"lazy\" decoding=\"async\" class=\"size-medium wp-image-9474859\" alt=\"Imagen del taller de reciclaje creativo.\" src=\"https:\/\/www.upo.es\/diario\/wp-content\/uploads\/2015\/04\/semanaverde3-320x213.jpg\" width=\"320\" height=\"213\" srcset=\"https:\/\/www.upo.es\/diario\/wp-content\/uploads\/2015\/04\/semanaverde3-320x213.jpg 320w, https:\/\/www.upo.es\/diario\/wp-content\/uploads\/2015\/04\/semanaverde3-600x399.jpg 600w\" sizes=\"auto, (max-width: 320px) 100vw, 320px\" \/><\/a><figcaption id=\"caption-attachment-9474859\" class=\"wp-caption-text\">Imagen del taller de reciclaje creativo.<\/figcaption><\/figure>\n<p>Hoy jueves se han celebrado talleres de semillas y elaboraci\u00f3n de cerveza, actividades para conmemorar el D\u00eda del Reciclaje como talleres de reciclaje creativo, la exposici\u00f3n \u201cLa gesti\u00f3n de nuestros residuos\u00bb, din\u00e1micas y juegos o un rinc\u00f3n del ocio. Tambi\u00e9n se ha instalado un stand sobre el Banco del Tiempo de la UPO y esta tarde se celebrar\u00e1 la primera jornada del curso de Agroecolog\u00eda.<\/p>\n<p>Todas estas actividades, abiertas a la comunidad universitaria y a la poblaci\u00f3n en general, est\u00e1n organizadas por el Vicerrectorado de Estudiantes, Cultura y Participaci\u00f3n Social de la Universidad Pablo de Olavide, a trav\u00e9s de su l\u00ednea de actuaci\u00f3n de Educaci\u00f3n Ambiental y Sostenibilidad, con el apoyo de la <a href=\"http:\/\/www.juntadeandalucia.es\/organismos\/agriculturapescaymedioambiente.html\">Consejer\u00eda de Agricultura, Pesca y Medio Ambiente<\/a> en el marco del Convenio Andaluc\u00eda Ecocampus firmado en el a\u00f1o 2010, y cofinanciadas por el Fondo Europeo de Desarrollo Regional.<\/p>\n<p><b><a href=\"http:\/\/www.upo.es\/semanaverde\/export\/sites\/semana_verde\/documentos\/Diptico_Jornadas_Verdes-3.pdf\">PROGRAMA<\/a><\/b><\/p>\n<p style=\"text-align: justify;\" align=\"center\"><b>\u00a0<\/b><\/p>\n","protected":false},"excerpt":{"rendered":"<p>Ma\u00f1ana viernes 10 de abril, a las 12:00 horas en el aula 104 del edificio 24 de la Universidad Pablo de Olavide, se celebrar\u00e1 el taller \u201cOtra forma de mirar tu d\u00eda\u201d, que ser\u00e1 impartido por la Asociaci\u00f3n Caminos y Ciencia y que se celebra en el marco de la Semana Verde de la UPO. En este taller, los universitarios podr\u00e1n realizar una peque\u00f1a ruta por los espacios comunes del campus en los que se desarrolla su jornada habitual, analizando el trasfondo cient\u00edfico y ambiental de los mismos. As\u00ed, conocer\u00e1n las zonas que usan a diario en la universidad desde otra mirada y las caracter\u00edsticas cient\u00edficas de su vida cotidiana. <\/p>\n","protected":false},"author":2,"featured_media":0,"comment_status":"closed","ping_status":"open","sticky":false,"template":"","format":"standard","meta":{"_monsterinsights_skip_tracking":false,"_monsterinsights_sitenote_active":false,"_monsterinsights_sitenote_note":"","_monsterinsights_sitenote_category":0,"footnotes":""},"categories":[6],"tags":[2079,901,141,1183,557,429,447,2296,441,342,549],"class_list":["post-9474854","post","type-post","status-publish","format-standard","hentry","category-institucional","tag-agroecologia","tag-charla","tag-curso","tag-educacion-ambiental","tag-geologia","tag-medio-ambiente","tag-reciclaje","tag-rutas","tag-semana-verde","tag-senderismo","tag-talleres"],"_links":{"self":[{"href":"https:\/\/www.upo.es\/diario\/wp-json\/wp\/v2\/posts\/9474854","targetHints":{"allow":["GET"]}}],"collection":[{"href":"https:\/\/www.upo.es\/diario\/wp-json\/wp\/v2\/posts"}],"about":[{"href":"https:\/\/www.upo.es\/diario\/wp-json\/wp\/v2\/types\/post"}],"author":[{"embeddable":true,"href":"https:\/\/www.upo.es\/diario\/wp-json\/wp\/v2\/users\/2"}],"replies":[{"embeddable":true,"href":"https:\/\/www.upo.es\/diario\/wp-json\/wp\/v2\/comments?post=9474854"}],"version-history":[{"count":7,"href":"https:\/\/www.upo.es\/diario\/wp-json\/wp\/v2\/posts\/9474854\/revisions"}],"predecessor-version":[{"id":9479393,"href":"https:\/\/www.upo.es\/diario\/wp-json\/wp\/v2\/posts\/9474854\/revisions\/9479393"}],"wp:attachment":[{"href":"https:\/\/www.upo.es\/diario\/wp-json\/wp\/v2\/media?parent=9474854"}],"wp:term":[{"taxonomy":"category","embeddable":true,"href":"https:\/\/www.upo.es\/diario\/wp-json\/wp\/v2\/categories?post=9474854"},{"taxonomy":"post_tag","embeddable":true,"href":"https:\/\/www.upo.es\/diario\/wp-json\/wp\/v2\/tags?post=9474854"}],"curies":[{"name":"wp","href":"https:\/\/api.w.org\/{rel}","templated":true}]}}