{"id":947533,"date":"2013-05-31T06:30:36","date_gmt":"2013-05-31T06:30:36","guid":{"rendered":"https:\/\/www.upo.es\/diario\/?p=947533"},"modified":"2013-05-31T06:45:57","modified_gmt":"2013-05-31T06:45:57","slug":"el-rector-de-la-upo-asistira-a-la-ceremonia-de-entrega-de-las-medallas-de-la-ciudad-de-sevilla","status":"publish","type":"post","link":"https:\/\/www.upo.es\/diario\/institucional\/2013\/05\/el-rector-de-la-upo-asistira-a-la-ceremonia-de-entrega-de-las-medallas-de-la-ciudad-de-sevilla\/","title":{"rendered":"El rector de la UPO asiste a la ceremonia de entrega de las Medallas de la Ciudad de Sevilla"},"content":{"rendered":"<p>El rector de la Universidad Pablo de Olavide asiste hoy viernes 31 de mayo a la ceremonia de entrega de las Medallas de la Ciudad de Sevilla, distinci\u00f3n que el Ayuntamiento de esta localidad ha concedido, a t\u00edtulo p\u00f3stumo, a la que fuera rectora de la Universidad Pablo de Olavide Rosario Valpuesta, recientemente fallecida.<\/p>\n<p>La ceremonia, que se celebrar\u00e1 a las 12.30 horas en el Auditorio del Palacio de Exposiciones y Congresos de Sevilla, estar\u00e1 presidida por el alcalde Juan Ignacio Zoido. Recoger\u00e1 la Medalla el hijo de Rosario Valpuesta, Alberto Gir\u00e1ldez Valpuesta.<\/p>\n<p>La Medalla de la Ciudad se concede como distinci\u00f3n honor\u00edfica en reconocimiento a las acciones, servicios y m\u00e9ritos excepcionales o extraordinarios realizados por ciudadanos, grupos, empresas, entidades o instituciones que, teniendo vinculaci\u00f3n con la ciudad de Sevilla, representen o supongan el ejercicio de virtudes individuales o colectivas que tengan como referencia la solidaridad y el trabajo en beneficio de los dem\u00e1s ciudadanos.<\/p>\n<p>&nbsp;<\/p>\n","protected":false},"excerpt":{"rendered":"<p>El rector de la Universidad Pablo de Olavide asiste hoy  viernes 31 de mayo a la ceremonia de entrega de las Medallas de la Ciudad de Sevilla, distinci\u00f3n que el Ayuntamiento de esta localidad ha concedido, a t\u00edtulo p\u00f3stumo, a la que fuera rectora de la Universidad Pablo de Olavide Rosario Valpuesta, recientemente fallecida.<\/p>\n","protected":false},"author":6,"featured_media":0,"comment_status":"closed","ping_status":"open","sticky":false,"template":"","format":"standard","meta":{"_monsterinsights_skip_tracking":false,"_monsterinsights_sitenote_active":false,"_monsterinsights_sitenote_note":"","_monsterinsights_sitenote_category":0,"footnotes":""},"categories":[6],"tags":[621,26,38,536,161,106],"class_list":["post-947533","post","type-post","status-publish","format-standard","hentry","category-institucional","tag-ayuntamiento-de-sevilla","tag-medalla","tag-rector","tag-rosario-valpuesta","tag-sevilla","tag-vicente-c-guzman"],"_links":{"self":[{"href":"https:\/\/www.upo.es\/diario\/wp-json\/wp\/v2\/posts\/947533","targetHints":{"allow":["GET"]}}],"collection":[{"href":"https:\/\/www.upo.es\/diario\/wp-json\/wp\/v2\/posts"}],"about":[{"href":"https:\/\/www.upo.es\/diario\/wp-json\/wp\/v2\/types\/post"}],"author":[{"embeddable":true,"href":"https:\/\/www.upo.es\/diario\/wp-json\/wp\/v2\/users\/6"}],"replies":[{"embeddable":true,"href":"https:\/\/www.upo.es\/diario\/wp-json\/wp\/v2\/comments?post=947533"}],"version-history":[{"count":7,"href":"https:\/\/www.upo.es\/diario\/wp-json\/wp\/v2\/posts\/947533\/revisions"}],"predecessor-version":[{"id":955421,"href":"https:\/\/www.upo.es\/diario\/wp-json\/wp\/v2\/posts\/947533\/revisions\/955421"}],"wp:attachment":[{"href":"https:\/\/www.upo.es\/diario\/wp-json\/wp\/v2\/media?parent=947533"}],"wp:term":[{"taxonomy":"category","embeddable":true,"href":"https:\/\/www.upo.es\/diario\/wp-json\/wp\/v2\/categories?post=947533"},{"taxonomy":"post_tag","embeddable":true,"href":"https:\/\/www.upo.es\/diario\/wp-json\/wp\/v2\/tags?post=947533"}],"curies":[{"name":"wp","href":"https:\/\/api.w.org\/{rel}","templated":true}]}}