{"id":9475620,"date":"2015-04-09T18:01:39","date_gmt":"2015-04-09T18:01:39","guid":{"rendered":"https:\/\/www.upo.es\/diario\/?p=9475620"},"modified":"2015-04-10T13:01:46","modified_gmt":"2015-04-10T13:01:46","slug":"expertos-analizan-la-criminalidad-organizada-transnacional-en-el-iii-congreso-de-estudiantes-de-derecho","status":"publish","type":"post","link":"https:\/\/www.upo.es\/diario\/institucional\/2015\/04\/expertos-analizan-la-criminalidad-organizada-transnacional-en-el-iii-congreso-de-estudiantes-de-derecho\/","title":{"rendered":"Expertos analizan la criminalidad organizada transnacional en el III Congreso de Estudiantes de Derecho"},"content":{"rendered":"<figure id=\"attachment_9475807\" aria-describedby=\"caption-attachment-9475807\" style=\"width: 600px\" class=\"wp-caption aligncenter\"><a href=\"https:\/\/www.upo.es\/diario\/wp-content\/uploads\/2015\/04\/Congreso-COT_01.jpg\"><img loading=\"lazy\" decoding=\"async\" class=\"size-large wp-image-9475807\" alt=\"Elodia Hern\u00e1ndez (centro), vicerrectora de Estudiantes, Cultura y Compromiso Social, ha inaugurado el Congreso acompa\u00f1ada de Carmen Velasco Garc\u00eda -a su derecha-, ex decana de la Facultad; Juana del Carpio, codirectora del congreso, y Urko Lerchundi Rebollo, primer delegado de Estudiantes de la Facultad de Derecho -a su izquierda.\" src=\"https:\/\/www.upo.es\/diario\/wp-content\/uploads\/2015\/04\/Congreso-COT_01-600x400.jpg\" width=\"600\" height=\"400\" srcset=\"https:\/\/www.upo.es\/diario\/wp-content\/uploads\/2015\/04\/Congreso-COT_01-600x400.jpg 600w, https:\/\/www.upo.es\/diario\/wp-content\/uploads\/2015\/04\/Congreso-COT_01-320x213.jpg 320w\" sizes=\"auto, (max-width: 600px) 100vw, 600px\" \/><\/a><figcaption id=\"caption-attachment-9475807\" class=\"wp-caption-text\">Elodia Hern\u00e1ndez (centro) ha inaugurado el Congreso acompa\u00f1ada de Carmen Velasco Garc\u00eda -a su derecha-, ex decana de la Facultad; Juana del Carpio, codirectora del congreso, y Urko Lerchundi Rebollo, primer delegado de Estudiantes de la Facultad de Derecho -a su izquierda.<\/figcaption><\/figure>\n<p>Magistrados, fiscales y profesores de Derecho penal, procesal e internacional de distintas universidades espa\u00f1olas, adem\u00e1s de estudiantes de Derecho, analizan desde hoy en la Universidad Pablo de Olavide los problemas jur\u00eddicos, criminol\u00f3gicos, pol\u00edticos y sociales que plantea la criminalidad organizada transnacional, en el marco del III Congreso de Alumnos\/as de la Facultad de Derecho de la UPO que se ha inaugurado esta tarde.<\/p>\n<p>El acto de inauguraci\u00f3n ha estado presidido por la vicerrectora de Estudiantes, Cultura y Compromiso Social, Elodia Hern\u00e1ndez Le\u00f3n, quien ha se\u00f1alado que \u201cla organizaci\u00f3n y realizaci\u00f3n de un encuentro como \u00e9ste encierra importantes valores para una universidad del siglo XXI, no solo en cuanto a la relevancia del tema, ponentes y debates, sino por el significado que adquiere que sea una iniciativa de los y las estudiantes, con el apoyo del profesorado\u201d. Elodia Hern\u00e1ndez Le\u00f3n ha a\u00f1adido que este tipo de actividades \u201cson muy importantes para el desarrollo de una formaci\u00f3n de calidad y por tanto para garantizar la empleabilidad de nuestro alumnado\u201d.<\/p>\n<p>La vicerrectora ha estado acompa\u00f1ada por Francisco Mu\u00f1oz Conde, catedr\u00e1tico de Derecho Penal de esta universidad; Carmen Velasco Garc\u00eda, profesora titular y ex decana de la Facultad de Derecho; Juana del Carpio Delgado, profesora titular de la UPO y codirectora del congreso, y Urko Lerchundi Rebollo, primer delegado de Estudiantes de la Facultad de Derecho de esta universidad.<\/p>\n<figure id=\"attachment_9475808\" aria-describedby=\"caption-attachment-9475808\" style=\"width: 320px\" class=\"wp-caption alignleft\"><a href=\"https:\/\/www.upo.es\/diario\/wp-content\/uploads\/2015\/04\/Congreso-COT_FMC.jpg\"><img loading=\"lazy\" decoding=\"async\" class=\"size-medium wp-image-9475808 \" alt=\"Francisco Mu\u00f1oz Conde ha abierto el simposio con la conferencia \u201cLa reforma de 2015 del C\u00f3digo Penal\u201d\" src=\"https:\/\/www.upo.es\/diario\/wp-content\/uploads\/2015\/04\/Congreso-COT_FMC-320x213.jpg\" width=\"320\" height=\"213\" srcset=\"https:\/\/www.upo.es\/diario\/wp-content\/uploads\/2015\/04\/Congreso-COT_FMC-320x213.jpg 320w, https:\/\/www.upo.es\/diario\/wp-content\/uploads\/2015\/04\/Congreso-COT_FMC-600x400.jpg 600w\" sizes=\"auto, (max-width: 320px) 100vw, 320px\" \/><\/a><figcaption id=\"caption-attachment-9475808\" class=\"wp-caption-text\">Francisco Mu\u00f1oz Conde ha impartido la primera conferencia sobre la reforma del C\u00f3digo Penal.<\/figcaption><\/figure>\n<p>Francisco Mu\u00f1oz Conde, catedr\u00e1tico de Derecho penal de la UPO, ha abierto este simposio con la conferencia \u201cLa reforma de 2015 del C\u00f3digo Penal\u201d.<\/p>\n<p>Este congreso que re\u00fane a expertos y estudiantes de Derecho se celebra celebra hoy jueves 9 y ma\u00f1ana viernes 10 de abril coincidiendo con el cumplimiento este a\u00f1o del 18 aniversario de este centro y de la UPO, y ha sido organizado por la delegaci\u00f3n de estudiantes de la Facultad de Derecho y el \u00c1rea de Derecho penal, en colaboraci\u00f3n con la Asociaci\u00f3n Sevillana de Estudiantes de Criminolog\u00eda de la Universidad Pablo de Olavide.<\/p>\n<p>&gt; <a href=\"https:\/\/www.upo.es\/upo_opencms\/export\/sites\/upo\/Galerias\/Descargas\/InfoEstudiantes\/diptico-facultad-derecho-congreso.pdf\">III Congreso de Estudiantes de la Facultad de Derecho de la UPO \u2013 Programa (pdf)<\/a><\/p>\n","protected":false},"excerpt":{"rendered":"<p>Magistrados, fiscales y profesores de Derecho penal, procesal e internacional de distintas universidades espa\u00f1olas, adem\u00e1s de estudiantes de Derecho, analizan desde hoy en la Universidad Pablo de Olavide los problemas jur\u00eddicos, criminol\u00f3gicos, pol\u00edticos y sociales que plantea la criminalidad organizada transnacional, en el marco del III Congreso de Alumnos\/as de la Facultad de Derecho de la UPO que se ha<a class=\"read-more\" href=\"https:\/\/www.upo.es\/diario\/institucional\/2015\/04\/expertos-analizan-la-criminalidad-organizada-transnacional-en-el-iii-congreso-de-estudiantes-de-derecho\/\">[Read More&#8230;]<\/a><\/p>\n","protected":false},"author":6,"featured_media":0,"comment_status":"closed","ping_status":"open","sticky":false,"template":"","format":"standard","meta":{"_monsterinsights_skip_tracking":false,"_monsterinsights_sitenote_active":false,"_monsterinsights_sitenote_note":"","_monsterinsights_sitenote_category":0,"footnotes":""},"categories":[6],"tags":[568,354,532,87,842,2017,21,81,1079,649],"class_list":["post-9475620","post","type-post","status-publish","format-standard","hentry","category-institucional","tag-aniversario","tag-congreso","tag-criminologia","tag-derecho","tag-derecho-penal","tag-derecho-procesal","tag-estudiantes","tag-facultad-de-derecho","tag-francisco-munoz-conde","tag-intermacional"],"_links":{"self":[{"href":"https:\/\/www.upo.es\/diario\/wp-json\/wp\/v2\/posts\/9475620","targetHints":{"allow":["GET"]}}],"collection":[{"href":"https:\/\/www.upo.es\/diario\/wp-json\/wp\/v2\/posts"}],"about":[{"href":"https:\/\/www.upo.es\/diario\/wp-json\/wp\/v2\/types\/post"}],"author":[{"embeddable":true,"href":"https:\/\/www.upo.es\/diario\/wp-json\/wp\/v2\/users\/6"}],"replies":[{"embeddable":true,"href":"https:\/\/www.upo.es\/diario\/wp-json\/wp\/v2\/comments?post=9475620"}],"version-history":[{"count":11,"href":"https:\/\/www.upo.es\/diario\/wp-json\/wp\/v2\/posts\/9475620\/revisions"}],"predecessor-version":[{"id":9479580,"href":"https:\/\/www.upo.es\/diario\/wp-json\/wp\/v2\/posts\/9475620\/revisions\/9479580"}],"wp:attachment":[{"href":"https:\/\/www.upo.es\/diario\/wp-json\/wp\/v2\/media?parent=9475620"}],"wp:term":[{"taxonomy":"category","embeddable":true,"href":"https:\/\/www.upo.es\/diario\/wp-json\/wp\/v2\/categories?post=9475620"},{"taxonomy":"post_tag","embeddable":true,"href":"https:\/\/www.upo.es\/diario\/wp-json\/wp\/v2\/tags?post=9475620"}],"curies":[{"name":"wp","href":"https:\/\/api.w.org\/{rel}","templated":true}]}}