{"id":9479375,"date":"2015-04-13T05:58:29","date_gmt":"2015-04-13T05:58:29","guid":{"rendered":"https:\/\/www.upo.es\/diario\/?p=9479375"},"modified":"2015-04-13T06:11:21","modified_gmt":"2015-04-13T06:11:21","slug":"inauguradas-en-la-upo-las-viii-jornadas-internacionales-de-psicologia-del-deporte","status":"publish","type":"post","link":"https:\/\/www.upo.es\/diario\/institucional\/2015\/04\/inauguradas-en-la-upo-las-viii-jornadas-internacionales-de-psicologia-del-deporte\/","title":{"rendered":"VIII Jornadas Internacionales de Psicolog\u00eda del Deporte"},"content":{"rendered":"<figure id=\"attachment_9479376\" aria-describedby=\"caption-attachment-9479376\" style=\"width: 600px\" class=\"wp-caption aligncenter\"><a href=\"https:\/\/www.upo.es\/diario\/wp-content\/uploads\/2015\/04\/VIII_psicologia_deporte.jpg\"><img loading=\"lazy\" decoding=\"async\" class=\"size-large wp-image-9479376\" alt=\"Desde la izquierda: F\u00e9lix Arbinaga, presidente de la Asociaci\u00f3n de Psicolog\u00eda del Deporte de Andaluc\u00eda (APDA); Leocricia Jim\u00e9nez, directora del Centro Andaluz de Medicina del Deporte (CAMD); Jos\u00e9 Carlos Jaenes, director de las jornadas y responsable de la Unidad de Psicolog\u00eda del Deporte del CAMD, y Antonio Fern\u00e1ndez Mart\u00ednez, decano de la Facultad de Deporte\" src=\"https:\/\/www.upo.es\/diario\/wp-content\/uploads\/2015\/04\/VIII_psicologia_deporte-600x347.jpg\" width=\"600\" height=\"347\" srcset=\"https:\/\/www.upo.es\/diario\/wp-content\/uploads\/2015\/04\/VIII_psicologia_deporte-600x347.jpg 600w, https:\/\/www.upo.es\/diario\/wp-content\/uploads\/2015\/04\/VIII_psicologia_deporte-320x185.jpg 320w\" sizes=\"auto, (max-width: 600px) 100vw, 600px\" \/><\/a><figcaption id=\"caption-attachment-9479376\" class=\"wp-caption-text\">Desde la izquierda: F\u00e9lix Arbinaga, presidente de APDA; Leocricia Jim\u00e9nez, directora del CAMD; Jos\u00e9 Carlos Jaenes, director de las jornadas y Antonio Fern\u00e1ndez Mart\u00ednez, decano de la Facultad de Deporte<\/figcaption><\/figure>\n<p>El pasado viernes 10 de abril se celebraron en la Universidad Pablo de Olavide las <strong>VIII Jornadas Internacionales de Psicolog\u00eda del Deporte<\/strong> bajo el t\u00edtulo <strong>\u201cEl mejor camino para ser un entrenador de excelencia\u201d<\/strong>. Un acto cuya inauguraci\u00f3n estuvo presidida por <strong>Jos\u00e9 Carlos Jaenes<\/strong>, director de las jornadas y responsable de la Unidad de Psicolog\u00eda del Deporte del CAMD; Leocricia Jim\u00e9nez, directora del Centro Andaluz de Medicina del Deporte (CAMD), Antonio Fern\u00e1ndez Mart\u00ednez, decano de la Facultad de Deporte de la UPO y F\u00e9lix Arbinaga, presidente de la Asociaci\u00f3n de Psicolog\u00eda del Deporte de Andaluc\u00eda (APDA).<\/p>\n<p>La conferencia inaugural, titulada \u201cLa figura del entrenador desde la perspectiva del entrenador\u201d, fue \u00a0impartida por Agust\u00edn L\u00f3pez, entrenador del Sevilla FC Divisi\u00f3n de Honor.<\/p>\n<p>Estas jornadas, en las que participan figuras internacionales de esta disciplina y a las que asisten m\u00e1s de 80 personas, se enmarcan en los <strong>actos previos a la organizaci\u00f3n del XIV Congreso Mundial de Psicolog\u00eda del Deporte<\/strong> que se realizar\u00e1 en 2017 en Sevilla y que estar\u00e1 organizado por la International Society of Sport Psychology (ISSP).<\/p>\n<p>Tras el acto de inauguraci\u00f3n se han celebrado dos ponencias: la primera, a las 10,30 horas impartida por Juan Manuel Gamito, psic\u00f3logo deportivo del Sevilla FC, quien ha hablado sobre \u201cEl trabajo psicol\u00f3gico en un gran estructura deportiva\u201d mientras que a las 12,00 horas ha sido el turno de Jaume Cruz Feli\u00fa, catedr\u00e1tico de Piscolog\u00eda del Deporte de la Universidad Aut\u00f3noma de Barcelona que ha explicado \u201cC\u00f3mo llegar a ser un entrenador de excelencia en iniciaci\u00f3n deportiva\u201d.<\/p>\n<p>La sesi\u00f3n de tarde se inici\u00f3 a \u00a0las 16,00 horas con la presentaci\u00f3n \u201cAn\u00e1lisisde las percepciones y cantidades del entrenamiento de los corredores de \u00e9lite de larga distancia kenianos y espa\u00f1oles\u201d que estar\u00e1 a cargo de\u00a0Arturo Casado Alda, licenciado en INEF y atleta ol\u00edmpico de 1.500 m.l.<\/p>\n<p>Posteriormente, a partir de las 17,15 horas, se impartieron tres talleres te\u00f3rico-pr\u00e1cticos entre los que pudieron elegir los asistentes a estas jornadas. Uno de ellos analiz\u00f3 el trabajo con los padres en el deporte y fue impartido por Macarena Lorenzo Fern\u00e1ndez, psic\u00f3loga de la secci\u00f3n del Real Betis Balompi\u00e9; otro de los talleres vers\u00f3 sobre estrategias de cohesi\u00f3n grupal y din\u00e1micas de grupo en deportes colectivos y lo dirigir\u00e1 Roc\u00edo Boh\u00f3rquez G\u00f3mez Mill\u00e1n, profesora de la Universidad de Sevilla; mientras que el tercero profundiz\u00f3 en el entrenamiento psicol\u00f3gico de campo en f\u00fatbol y lo impartir\u00e1n Santiago Rivera y Miguel Morilla, psic\u00f3logos especialistas en este deporte.<\/p>\n<p>Finalmente, a las 19,30 horas, antes de la clausura de las jornadas, tuvo lugar la ponencia \u201cLa relaci\u00f3n jugadores, entrenadores y preparador f\u00edsico en un equipo de f\u00fatbol. Aprender a moverse en el f\u00fatbol\u201d que fue impartida por Carlos Ferrete, licenciado en Educaci\u00f3n F\u00edsica y preparador f\u00edsico del Real Betis Balompi\u00e9.<\/p>\n<p>Estas Jornadas, cuyo objetivo principal es compartir conocimientos y experiencias y analizar nuevas tendencias entre expertos y estudiantes del sector de la Psicolog\u00eda del Deporte, son un encuentro previo, al que seguir\u00e1n otros en los pr\u00f3ximos a\u00f1os, en los que Sevilla se sit\u00faa en la primera l\u00ednea mundial de la Psicolog\u00eda del Deporte.<\/p>\n<p>Para m\u00e1s informaci\u00f3n sobre el programa de las jornadas: <a href=\"http:\/\/bit.ly\/1Cz7DU0\">bit.ly\/1Cz7DU0<\/a><\/p>\n","protected":false},"excerpt":{"rendered":"<p>El pasado viernes 10 de abril se celebraron en la Universidad Pablo de Olavide las VIII Jornadas Internacionales de Psicolog\u00eda del Deporte bajo el t\u00edtulo \u201cEl mejor camino para ser un entrenador de excelencia\u201d. Un acto cuya inauguraci\u00f3n estuvo presidida por Jos\u00e9 Carlos Jaenes, director de las jornadas y responsable de la Unidad de Psicolog\u00eda del Deporte del CAMD; Leocricia Jim\u00e9nez, directora del Centro Andaluz de Medicina del Deporte (CAMD), Antonio Fern\u00e1ndez Mart\u00ednez, decano de la Facultad de Deporte de la UPO y F\u00e9lix Arbinaga, presidente de la Asociaci\u00f3n de Psicolog\u00eda del Deporte de Andaluc\u00eda (APDA).<\/p>\n","protected":false},"author":6,"featured_media":0,"comment_status":"closed","ping_status":"open","sticky":false,"template":"","format":"standard","meta":{"_monsterinsights_skip_tracking":false,"_monsterinsights_sitenote_active":false,"_monsterinsights_sitenote_note":"","_monsterinsights_sitenote_category":0,"footnotes":""},"categories":[6],"tags":[1310,354,541,2276,379,84,142],"class_list":["post-9479375","post","type-post","status-publish","format-standard","hentry","category-institucional","tag-competicion","tag-congreso","tag-deporte","tag-entrenamiento","tag-facultad-del-deporte","tag-jornadas","tag-psicologia"],"_links":{"self":[{"href":"https:\/\/www.upo.es\/diario\/wp-json\/wp\/v2\/posts\/9479375","targetHints":{"allow":["GET"]}}],"collection":[{"href":"https:\/\/www.upo.es\/diario\/wp-json\/wp\/v2\/posts"}],"about":[{"href":"https:\/\/www.upo.es\/diario\/wp-json\/wp\/v2\/types\/post"}],"author":[{"embeddable":true,"href":"https:\/\/www.upo.es\/diario\/wp-json\/wp\/v2\/users\/6"}],"replies":[{"embeddable":true,"href":"https:\/\/www.upo.es\/diario\/wp-json\/wp\/v2\/comments?post=9479375"}],"version-history":[{"count":3,"href":"https:\/\/www.upo.es\/diario\/wp-json\/wp\/v2\/posts\/9479375\/revisions"}],"predecessor-version":[{"id":9491743,"href":"https:\/\/www.upo.es\/diario\/wp-json\/wp\/v2\/posts\/9479375\/revisions\/9491743"}],"wp:attachment":[{"href":"https:\/\/www.upo.es\/diario\/wp-json\/wp\/v2\/media?parent=9479375"}],"wp:term":[{"taxonomy":"category","embeddable":true,"href":"https:\/\/www.upo.es\/diario\/wp-json\/wp\/v2\/categories?post=9479375"},{"taxonomy":"post_tag","embeddable":true,"href":"https:\/\/www.upo.es\/diario\/wp-json\/wp\/v2\/tags?post=9479375"}],"curies":[{"name":"wp","href":"https:\/\/api.w.org\/{rel}","templated":true}]}}