{"id":9479382,"date":"2015-04-13T05:50:08","date_gmt":"2015-04-13T05:50:08","guid":{"rendered":"https:\/\/www.upo.es\/diario\/?p=9479382"},"modified":"2015-04-13T06:15:57","modified_gmt":"2015-04-13T06:15:57","slug":"una-ruta-de-senderismo-por-el-cerro-del-hierro-pone-fin-manana-sabado-a-la-semana-verde-de-la-upo","status":"publish","type":"post","link":"https:\/\/www.upo.es\/diario\/institucional\/2015\/04\/una-ruta-de-senderismo-por-el-cerro-del-hierro-pone-fin-manana-sabado-a-la-semana-verde-de-la-upo\/","title":{"rendered":"Una ruta de senderismo por el Cerro del Hierro pone fin a la Semana Verde de la UPO"},"content":{"rendered":"<figure id=\"attachment_9479383\" aria-describedby=\"caption-attachment-9479383\" style=\"width: 600px\" class=\"wp-caption aligncenter\"><a href=\"https:\/\/www.upo.es\/diario\/wp-content\/uploads\/2015\/04\/semanaverde4.jpg\"><img loading=\"lazy\" decoding=\"async\" class=\"size-large wp-image-9479383\" alt=\"En la imagen, el profesor Juan Carlos Balany\u00e1 durante la conferencia \u201cEl mar a principios del Paleozoico: una mirada al Cerro del Hierro\u201d\" src=\"https:\/\/www.upo.es\/diario\/wp-content\/uploads\/2015\/04\/semanaverde4-600x378.jpg\" width=\"600\" height=\"378\" srcset=\"https:\/\/www.upo.es\/diario\/wp-content\/uploads\/2015\/04\/semanaverde4-600x378.jpg 600w, https:\/\/www.upo.es\/diario\/wp-content\/uploads\/2015\/04\/semanaverde4-320x201.jpg 320w\" sizes=\"auto, (max-width: 600px) 100vw, 600px\" \/><\/a><figcaption id=\"caption-attachment-9479383\" class=\"wp-caption-text\">En la imagen, el profesor Juan Carlos Balany\u00e1 durante la conferencia \u201cEl mar a principios del Paleozoico: una mirada al Cerro del Hierro\u201d.<\/figcaption><\/figure>\n<p>El s\u00e1bado 11 de abril concluy\u00f3 la <a href=\"http:\/\/www.upo.es\/semanaverde\/\">Semana Verde<\/a> de la <a href=\"http:\/\/www.upo.es\/portal\/impe\/web\/portada\">Universidad Pablo de Olavide<\/a>, en la que desde el pasado mi\u00e9rcoles 8 de abril se han celebrado numerosas actividades de concienciaci\u00f3n ambiental organizadas por Vicerrectorado de Estudiantes, Cultura y Participaci\u00f3n Social, a trav\u00e9s de su l\u00ednea de actuaci\u00f3n de Educaci\u00f3n Ambiental y Sostenibilidad. El programa de actividades concluy\u00f3 el s\u00e1bado con una <b>ruta de senderismo<\/b> por el Geoparque del Cerro del Hierro, en la Sierra Norte de Sevilla.<\/p>\n<p>Esta ruta de senderismo fue guiada por Alberto Gil, t\u00e9cnico del Geoparque, quien particip\u00f3 el viernes, junto a Juan Carlos Balany\u00e1, profesor del \u00c1rea de Geodin\u00e1mica Interna de la UPO,\u00a0 en la charla de Geolog\u00eda \u201cEl mar a principios del Paleozoico: una mirada al Cerro del Hierro\u201d.<\/p>\n<p>Con esta salida de senderismo concluye la Semana Verde de la Universidad Pablo de Olavide, que este a\u00f1o ha contado con actividades tales como talleres de ornitolog\u00eda, de elaboraci\u00f3n de cerveza y sobre variedades tradicionales de semillas, charla sobre Geolog\u00eda, un curso de Agroecolog\u00eda, actividades para conmemorar el D\u00eda del Reciclaje como talleres de reciclaje creativo, la exposici\u00f3n \u201cLa gesti\u00f3n de nuestros residuos\u201d, din\u00e1micas y juegos o un rinc\u00f3n del ocio, o el stand del Banco del Tiempo de la UPO.<\/p>\n<p>Todas estas actividades, abiertas a la comunidad universitaria y a la poblaci\u00f3n en general, est\u00e1n organizadas por el Vicerrectorado de Estudiantes, Cultura y Participaci\u00f3n Social de la Universidad Pablo de Olavide, a trav\u00e9s de su l\u00ednea de actuaci\u00f3n de Educaci\u00f3n Ambiental y Sostenibilidad, con el apoyo de la <a href=\"http:\/\/www.juntadeandalucia.es\/organismos\/agriculturapescaymedioambiente.html\">Consejer\u00eda de Agricultura, Pesca y Medio Ambiente<\/a> en el marco del Convenio Andaluc\u00eda Ecocampus firmado en el a\u00f1o 2010, y cofinanciadas por el Fondo Europeo de Desarrollo Regional.<\/p>\n","protected":false},"excerpt":{"rendered":"<p>El s\u00e1bado 11 de abril concluy\u00f3 la Semana Verde de la Universidad Pablo de Olavide, en la que desde el pasado mi\u00e9rcoles 8 de abril se han celebrado numerosas actividades de concienciaci\u00f3n ambiental organizadas por Vicerrectorado de Estudiantes, Cultura y Participaci\u00f3n Social, a trav\u00e9s de su l\u00ednea de actuaci\u00f3n de Educaci\u00f3n Ambiental y Sostenibilidad. <\/p>\n","protected":false},"author":2,"featured_media":0,"comment_status":"closed","ping_status":"open","sticky":false,"template":"","format":"standard","meta":{"_monsterinsights_skip_tracking":false,"_monsterinsights_sitenote_active":false,"_monsterinsights_sitenote_note":"","_monsterinsights_sitenote_category":0,"footnotes":""},"categories":[6],"tags":[2079,901,141,1183,557,429,447,2296,441,342,549],"class_list":["post-9479382","post","type-post","status-publish","format-standard","hentry","category-institucional","tag-agroecologia","tag-charla","tag-curso","tag-educacion-ambiental","tag-geologia","tag-medio-ambiente","tag-reciclaje","tag-rutas","tag-semana-verde","tag-senderismo","tag-talleres"],"_links":{"self":[{"href":"https:\/\/www.upo.es\/diario\/wp-json\/wp\/v2\/posts\/9479382","targetHints":{"allow":["GET"]}}],"collection":[{"href":"https:\/\/www.upo.es\/diario\/wp-json\/wp\/v2\/posts"}],"about":[{"href":"https:\/\/www.upo.es\/diario\/wp-json\/wp\/v2\/types\/post"}],"author":[{"embeddable":true,"href":"https:\/\/www.upo.es\/diario\/wp-json\/wp\/v2\/users\/2"}],"replies":[{"embeddable":true,"href":"https:\/\/www.upo.es\/diario\/wp-json\/wp\/v2\/comments?post=9479382"}],"version-history":[{"count":5,"href":"https:\/\/www.upo.es\/diario\/wp-json\/wp\/v2\/posts\/9479382\/revisions"}],"predecessor-version":[{"id":9479386,"href":"https:\/\/www.upo.es\/diario\/wp-json\/wp\/v2\/posts\/9479382\/revisions\/9479386"}],"wp:attachment":[{"href":"https:\/\/www.upo.es\/diario\/wp-json\/wp\/v2\/media?parent=9479382"}],"wp:term":[{"taxonomy":"category","embeddable":true,"href":"https:\/\/www.upo.es\/diario\/wp-json\/wp\/v2\/categories?post=9479382"},{"taxonomy":"post_tag","embeddable":true,"href":"https:\/\/www.upo.es\/diario\/wp-json\/wp\/v2\/tags?post=9479382"}],"curies":[{"name":"wp","href":"https:\/\/api.w.org\/{rel}","templated":true}]}}