{"id":9492514,"date":"2015-04-14T05:30:46","date_gmt":"2015-04-14T05:30:46","guid":{"rendered":"https:\/\/www.upo.es\/diario\/?p=9492514"},"modified":"2015-04-14T05:59:54","modified_gmt":"2015-04-14T05:59:54","slug":"la-periodista-soledad-gallego-abre-manana-el-cilo-de-conferencias-de-la-asociacion-rosario-valpuesta","status":"publish","type":"post","link":"https:\/\/www.upo.es\/diario\/institucional\/2015\/04\/la-periodista-soledad-gallego-abre-manana-el-cilo-de-conferencias-de-la-asociacion-rosario-valpuesta\/","title":{"rendered":"La periodista Soledad Gallego abre hoy el ciclo de conferencias de la Asociaci\u00f3n Rosario Valpuesta"},"content":{"rendered":"<p><span style=\"text-decoration: underline;\"><a href=\"https:\/\/www.upo.es\/diario\/wp-content\/uploads\/2015\/04\/CartelCicloConferenciasAsociaci\u00f3nRV.jpg\"><img loading=\"lazy\" decoding=\"async\" class=\"alignright size-medium wp-image-9492515\" alt=\"Cartel conferencias ARV 2015 (borrador)\" src=\"https:\/\/www.upo.es\/diario\/wp-content\/uploads\/2015\/04\/CartelCicloConferenciasAsociaci\u00f3nRV-226x320.jpg\" width=\"226\" height=\"320\" srcset=\"https:\/\/www.upo.es\/diario\/wp-content\/uploads\/2015\/04\/CartelCicloConferenciasAsociaci\u00f3nRV-226x320.jpg 226w, https:\/\/www.upo.es\/diario\/wp-content\/uploads\/2015\/04\/CartelCicloConferenciasAsociaci\u00f3nRV-424x600.jpg 424w, https:\/\/www.upo.es\/diario\/wp-content\/uploads\/2015\/04\/CartelCicloConferenciasAsociaci\u00f3nRV-600x848.jpg 600w\" sizes=\"auto, (max-width: 226px) 100vw, 226px\" \/><\/a>Hoy martes 14 de abril, a las 20.30 horas en el Sal\u00f3n de Plenos de la Diputaci\u00f3n de Sevilla (Avda. Men\u00e9ndez Pelayo, 32)<\/span>, la periodista y escritora <b>Soledad Gallego D\u00edaz<\/b> abrir\u00e1 el <a href=\"https:\/\/www.upo.es\/upo_opencms\/export\/sites\/upo\/Galerias\/Descargas\/InfoEstudiantes\/Ciclo-Conferencias-Asociacion-RV-2015.pdf\">\u201cCiclo de Conferencias de Pensamiento y de Actualidad Social, Econ\u00f3mica y Pol\u00edtica\u201d<\/a>, organizado por la Asociaci\u00f3n Rosario Valpuesta, con la ponencia \u201cDemocracia es igualdad: Una conquista del feminismo\u201d. La periodista ser\u00e1 presentada por el portavoz del PSOE Juan Espadas. La entrada es libre hasta completar aforo.<\/p>\n<p>Esta ser\u00e1 la primera de las tres ponencias que componen este ciclo de conferencias que cuenta con el patrocinio y la colaboraci\u00f3n de la <a href=\"http:\/\/www.dipusevilla.es\/\">Diputaci\u00f3n de Sevilla<\/a>. As\u00ed, el 28 de mayo Luis Jimena Quesada, catedr\u00e1tico de Derecho Constitucional de la Universidad de Valencia, hablar\u00e1 sobre \u201cDemocracia y participaci\u00f3n ciudadana: fortalecimiento de los est\u00e1ndares auton\u00f3micos en el marco de la integraci\u00f3n europea\u201d. Luis Jimena ser\u00e1 presentado por el rector de la UPO Vicente Guzm\u00e1n Fluja. Finalmente, el 18 de junio ser\u00e1 el turno del periodista y escritor Joaqu\u00edn Estefan\u00eda, quien disertar\u00e1 sobre \u201cRebeli\u00f3n de las \u00e9lites y rebeli\u00f3n contra las \u00e9lites\u201d y que ser\u00e1 presentado por Fernando Rodr\u00edguez Villalobos, presidente de la Diputaci\u00f3n de Sevilla. Las dos \u00faltimas conferencias se celebrar\u00e1n a las 20.30 horas en el sal\u00f3n de actos de la Casa de la Provincia (Plaza del Triunfo, 1)<\/p>\n<p>La <a href=\"http:\/\/asociacionrosariovalpuesta.es\/\">Asociaci\u00f3n Rosario Valpuesta<\/a> se constituy\u00f3 en febrero de 2014 en memoria de la que fue la primera mujer al frente de una universidad andaluza, al hacerse cargo en 1997 del Rectorado de la Universidad Pablo de Olavide. El objetivo principal de esta asociaci\u00f3n, presidida por la abogada Ana Mar\u00eda Ruiz-Tagle, es conservar y difundir la memoria, el pensamiento, la obra solidaria, los valores y el legado intelectual de esta pensadora y jurista fallecida en marzo de 2013.<\/p>\n","protected":false},"excerpt":{"rendered":"<p>Hoy martes 14 de abril, a las 20.30 horas en el Sal\u00f3n de Plenos de la Diputaci\u00f3n de Sevilla (Avda. Men\u00e9ndez Pelayo, 32), la periodista y escritora Soledad Gallego D\u00edaz abrir\u00e1 el \u201cCiclo de Conferencias de Pensamiento y de Actualidad Social, Econ\u00f3mica y Pol\u00edtica\u201d, organizado por la Asociaci\u00f3n Rosario Valpuesta, con la ponencia \u201cDemocracia es igualdad: Una conquista del feminismo\u201d. La periodista ser\u00e1 presentada por el portavoz del PSOE Juan Espadas. La entrada es libre hasta completar aforo. <\/p>\n","protected":false},"author":2,"featured_media":0,"comment_status":"closed","ping_status":"open","sticky":false,"template":"","format":"standard","meta":{"_monsterinsights_skip_tracking":false,"_monsterinsights_sitenote_active":false,"_monsterinsights_sitenote_note":"","_monsterinsights_sitenote_category":0,"footnotes":""},"categories":[6],"tags":[1633,2304,2303,1398,2301,2302],"class_list":["post-9492514","post","type-post","status-publish","format-standard","hentry","category-institucional","tag-actualidad-economica","tag-actualidad-politica","tag-actualidad-social","tag-asociacion-rosario-valpuesta","tag-ciclo-conferencias","tag-pensamiento"],"_links":{"self":[{"href":"https:\/\/www.upo.es\/diario\/wp-json\/wp\/v2\/posts\/9492514","targetHints":{"allow":["GET"]}}],"collection":[{"href":"https:\/\/www.upo.es\/diario\/wp-json\/wp\/v2\/posts"}],"about":[{"href":"https:\/\/www.upo.es\/diario\/wp-json\/wp\/v2\/types\/post"}],"author":[{"embeddable":true,"href":"https:\/\/www.upo.es\/diario\/wp-json\/wp\/v2\/users\/2"}],"replies":[{"embeddable":true,"href":"https:\/\/www.upo.es\/diario\/wp-json\/wp\/v2\/comments?post=9492514"}],"version-history":[{"count":4,"href":"https:\/\/www.upo.es\/diario\/wp-json\/wp\/v2\/posts\/9492514\/revisions"}],"predecessor-version":[{"id":9492517,"href":"https:\/\/www.upo.es\/diario\/wp-json\/wp\/v2\/posts\/9492514\/revisions\/9492517"}],"wp:attachment":[{"href":"https:\/\/www.upo.es\/diario\/wp-json\/wp\/v2\/media?parent=9492514"}],"wp:term":[{"taxonomy":"category","embeddable":true,"href":"https:\/\/www.upo.es\/diario\/wp-json\/wp\/v2\/categories?post=9492514"},{"taxonomy":"post_tag","embeddable":true,"href":"https:\/\/www.upo.es\/diario\/wp-json\/wp\/v2\/tags?post=9492514"}],"curies":[{"name":"wp","href":"https:\/\/api.w.org\/{rel}","templated":true}]}}