{"id":9497223,"date":"2015-04-15T05:50:46","date_gmt":"2015-04-15T05:50:46","guid":{"rendered":"https:\/\/www.upo.es\/diario\/?p=9497223"},"modified":"2015-04-15T06:19:13","modified_gmt":"2015-04-15T06:19:13","slug":"manana-comienza-en-castellon-el-ii-simposio-de-jovenes-investigadores-del-barroco-iberoamericano","status":"publish","type":"post","link":"https:\/\/www.upo.es\/diario\/ciencia\/2015\/04\/manana-comienza-en-castellon-el-ii-simposio-de-jovenes-investigadores-del-barroco-iberoamericano\/","title":{"rendered":"Hoy comienza en Castell\u00f3n el II Simposio de J\u00f3venes Investigadores del Barroco Iberoamericano"},"content":{"rendered":"<figure id=\"attachment_9497224\" aria-describedby=\"caption-attachment-9497224\" style=\"width: 239px\" class=\"wp-caption alignright\"><img loading=\"lazy\" decoding=\"async\" class=\"size-medium wp-image-9497224\" alt=\"'El Aguador de Sevilla', Vel\u00e1zquez, ser\u00e1 objeto de una de las ponencias del Simposio \/ Universal Images Group\" src=\"https:\/\/www.upo.es\/diario\/wp-content\/uploads\/2015\/04\/109_114287-W-239x320.jpg\" width=\"239\" height=\"320\" srcset=\"https:\/\/www.upo.es\/diario\/wp-content\/uploads\/2015\/04\/109_114287-W-239x320.jpg 239w, https:\/\/www.upo.es\/diario\/wp-content\/uploads\/2015\/04\/109_114287-W-448x600.jpg 448w, https:\/\/www.upo.es\/diario\/wp-content\/uploads\/2015\/04\/109_114287-W.jpg 598w\" sizes=\"auto, (max-width: 239px) 100vw, 239px\" \/><figcaption id=\"caption-attachment-9497224\" class=\"wp-caption-text\">&#8216;El Aguador de Sevilla&#8217;, de Vel\u00e1zquez, ser\u00e1 objeto de una de las ponencias del Simposio \/ Universal Images Group<\/figcaption><\/figure>\n<p>Hoy mi\u00e9rcoles dar\u00e1 comienzo en la Facultad de Ciencias Humanas y Sociales de la UJI el <a href=\"http:\/\/jovenesceiba.com\/\">II Simposio Internacional de J\u00f3venes Investigadores del Barroco Iberoamericano<\/a> que en esta edici\u00f3n estar\u00e1 dedicado al arte y patrimonio vinculado con los tr\u00e1ficos transoce\u00e1nicos. Este encuentro est\u00e1 organizado por el Centro de Estudios de Barroco Iberoamericano (CEIBA),\u00a0 centro de investigaci\u00f3n interuniversitario propiciado por las universidades <a href=\"http:\/\/www.upo.es\/portal\/impe\/web\/portada\">Pablo de Olavide<\/a>, <a href=\"http:\/\/www.usc.es\/es\/index.html\">Santiago de Compostela<\/a> y <a href=\"http:\/\/ujiapps.uji.es\/\">Jaume I de Castell\u00f3n<\/a>.<\/p>\n<p>Fernando Quiles Garc\u00eda, profesor de la Universidad Pablo de Olavide, Sevilla, Espa\u00f1a, impartir\u00e1 a las 9.30 horas la primera ponencia de este simposio, sobre \u201cEl mundo que nos rodea. Visto y no visto. Lienzos, l\u00e1minas y mapas (Sevilla, siglo XVII)\u201d.<\/p>\n<p>El simposio, que se celebrar\u00e1 en la UJI del 15 al 17 de abril orientado principalmente a j\u00f3venes investigadores que est\u00e9n realizando la tesis doctoral o est\u00e9n vinculados mediante becas a centros de investigaci\u00f3n o universidades, tiene por objeto abrir un di\u00e1logo entre las diversas disciplinas sobre los estudios del barroco con la finalidad de establecer las conexiones existentes entre los movimientos cultuales y art\u00edsticos del Barroco Iberoamericano, no s\u00f3lo en la Edad Moderna, sino tambi\u00e9n analizando la continuidad temporal que pervive en nuestros d\u00edas.<\/p>\n<p>El programa se articula en diversas ponencias a primera hora de la ma\u00f1ana y la tarde para despu\u00e9s continuar con mesas redondas de debate sobre aspectos como las mujeres mecenas, la teatralidad, las fiestas, la m\u00fasica o escenograf\u00eda, las transferencias en papel o los regalos e identidades, entre otros. La reuni\u00f3n de especialistas de diversas disciplinas enriquecer\u00e1 el encuentro y permitir\u00e1 poner al d\u00eda los estudios realizados por j\u00f3venes investigadores.<\/p>\n<p>Tomando como punto de partida los grupos de investigaci\u00f3n afines de las universidades Pablo de Olavide de Sevilla, Santiago de Compostela y Jaume I de Castell\u00f3n, el CEIBA aspira a convertirse en centro de referencia para la investigaci\u00f3n, la docencia y la difusi\u00f3n de las diferentes manifestaciones art\u00edsticas y culturales asociadas con el Barroco.<\/p>\n<p>&gt;\u00a0<a href=\"https:\/\/ceibajovenes.files.wordpress.com\/2013\/03\/programaceiba1.pdf\">Programa del simposio -PDF-<\/a><\/p>\n","protected":false},"excerpt":{"rendered":"<p>El simposio, que se celebrar\u00e1 en la UJI del 15 al 17 de abril orientado principalmente a j\u00f3venes investigadores que est\u00e9n realizando la tesis doctoral o est\u00e9n vinculados mediante becas a centros de investigaci\u00f3n o universidades, tiene por objeto abrir un di\u00e1logo entre las diversas disciplinas sobre los estudios del barroco con la finalidad de establecer las conexiones existentes entre los movimientos cultuales y art\u00edsticos del Barroco Iberoamericano, no s\u00f3lo en la Edad Moderna, sino tambi\u00e9n analizando la continuidad temporal que pervive en nuestros d\u00edas. <\/p>\n","protected":false},"author":6,"featured_media":0,"comment_status":"closed","ping_status":"open","sticky":false,"template":"","format":"standard","meta":{"_monsterinsights_skip_tracking":false,"_monsterinsights_sitenote_active":false,"_monsterinsights_sitenote_note":"","_monsterinsights_sitenote_category":0,"footnotes":""},"categories":[3],"tags":[265,2279,259,805,734,533,39],"class_list":["post-9497223","post","type-post","status-publish","format-standard","hentry","category-ciencia","tag-arte","tag-barroco","tag-area-de-historia-del-arte","tag-iberoamerica","tag-investigadores","tag-simposio","tag-universidades"],"_links":{"self":[{"href":"https:\/\/www.upo.es\/diario\/wp-json\/wp\/v2\/posts\/9497223","targetHints":{"allow":["GET"]}}],"collection":[{"href":"https:\/\/www.upo.es\/diario\/wp-json\/wp\/v2\/posts"}],"about":[{"href":"https:\/\/www.upo.es\/diario\/wp-json\/wp\/v2\/types\/post"}],"author":[{"embeddable":true,"href":"https:\/\/www.upo.es\/diario\/wp-json\/wp\/v2\/users\/6"}],"replies":[{"embeddable":true,"href":"https:\/\/www.upo.es\/diario\/wp-json\/wp\/v2\/comments?post=9497223"}],"version-history":[{"count":2,"href":"https:\/\/www.upo.es\/diario\/wp-json\/wp\/v2\/posts\/9497223\/revisions"}],"predecessor-version":[{"id":9501372,"href":"https:\/\/www.upo.es\/diario\/wp-json\/wp\/v2\/posts\/9497223\/revisions\/9501372"}],"wp:attachment":[{"href":"https:\/\/www.upo.es\/diario\/wp-json\/wp\/v2\/media?parent=9497223"}],"wp:term":[{"taxonomy":"category","embeddable":true,"href":"https:\/\/www.upo.es\/diario\/wp-json\/wp\/v2\/categories?post=9497223"},{"taxonomy":"post_tag","embeddable":true,"href":"https:\/\/www.upo.es\/diario\/wp-json\/wp\/v2\/tags?post=9497223"}],"curies":[{"name":"wp","href":"https:\/\/api.w.org\/{rel}","templated":true}]}}