{"id":9497227,"date":"2015-04-15T05:54:42","date_gmt":"2015-04-15T05:54:42","guid":{"rendered":"https:\/\/www.upo.es\/diario\/?p=9497227"},"modified":"2015-04-15T06:19:59","modified_gmt":"2015-04-15T06:19:59","slug":"la-pelicula-buenas-noches-y-buena-suerte-abre-manana-las-jornadas-derechos-fundamentales-y-cine","status":"publish","type":"post","link":"https:\/\/www.upo.es\/diario\/cultura\/2015\/04\/la-pelicula-buenas-noches-y-buena-suerte-abre-manana-las-jornadas-derechos-fundamentales-y-cine\/","title":{"rendered":"La pel\u00edcula \u201cBuenas noches y buena suerte\u201d abre hoy las jornadas \u201cDerechos Fundamentales y Cine\u201d"},"content":{"rendered":"<figure id=\"attachment_9497228\" aria-describedby=\"caption-attachment-9497228\" style=\"width: 227px\" class=\"wp-caption alignright\"><img loading=\"lazy\" decoding=\"async\" class=\"size-full wp-image-9497228\" alt=\"Buenas noches y buena suerte - cartel con los actores protagonistas\" src=\"https:\/\/www.upo.es\/diario\/wp-content\/uploads\/2015\/04\/buenas-noches-buena-suerte.gif\" width=\"227\" height=\"317\" \/><figcaption id=\"caption-attachment-9497228\" class=\"wp-caption-text\">La pel\u00edcula narra el enfrentamiento entre Edward R. Murrow y el senador Joseph McCarthy<\/figcaption><\/figure>\n<p>Hoy d\u00eda 15 de abril, a las 19:30 horas, en el sal\u00f3n de grados del edificio 7 de la Universidad Pablo de Olavide, comenzar\u00e1n las <strong>Jornadas \u00abDerechos Fundamentales y Cine\u00bb<\/strong> organizadas por el Departamento de Derecho P\u00fablico con la colaboraci\u00f3n de la Facultad de Derecho.<\/p>\n<p>En esta primera sesi\u00f3n de las jornadas se llevar\u00e1 a cabo la proyecci\u00f3n de la pel\u00edcula<strong> \u00abBuenas noches, y buena suerte\u00bb<\/strong> con el fin de tratar la libertad ideol\u00f3gica y de expresi\u00f3n, con especial referencia a los medios de prensa.<\/p>\n<p>Esta sesi\u00f3n correr\u00e1 a cargo del profesor <strong>Salvador Soto Lostal,<\/strong> y durante las pr\u00f3ximas semanas hasta junio se celebrar\u00e1n nuevas sesiones a cargo de distintos invitados entre profesores universitarios y funcionarios de la Administraci\u00f3n.<\/p>\n<p>Se prev\u00e9 la posible concesi\u00f3n de 2 cr\u00e9ditos por la asistencia de los alumnos a todas las sesiones de las jornadas.<\/p>\n","protected":false},"excerpt":{"rendered":"<p>En esta primera sesi\u00f3n de las jornadas se llevar\u00e1 a cabo la proyecci\u00f3n de la pel\u00edcula \u00abBuenas noches, y buena suerte\u00bb con el fin de tratar la libertad ideol\u00f3gica y de expresi\u00f3n, con especial referencia a los medios de prensa.<\/p>\n","protected":false},"author":6,"featured_media":0,"comment_status":"closed","ping_status":"open","sticky":false,"template":"","format":"standard","meta":{"_monsterinsights_skip_tracking":false,"_monsterinsights_sitenote_active":false,"_monsterinsights_sitenote_note":"","_monsterinsights_sitenote_category":0,"footnotes":""},"categories":[7],"tags":[937,87,1178,81,84],"class_list":["post-9497227","post","type-post","status-publish","format-standard","hentry","category-cultura","tag-cine","tag-derecho","tag-derecho-publico","tag-facultad-de-derecho","tag-jornadas"],"_links":{"self":[{"href":"https:\/\/www.upo.es\/diario\/wp-json\/wp\/v2\/posts\/9497227","targetHints":{"allow":["GET"]}}],"collection":[{"href":"https:\/\/www.upo.es\/diario\/wp-json\/wp\/v2\/posts"}],"about":[{"href":"https:\/\/www.upo.es\/diario\/wp-json\/wp\/v2\/types\/post"}],"author":[{"embeddable":true,"href":"https:\/\/www.upo.es\/diario\/wp-json\/wp\/v2\/users\/6"}],"replies":[{"embeddable":true,"href":"https:\/\/www.upo.es\/diario\/wp-json\/wp\/v2\/comments?post=9497227"}],"version-history":[{"count":2,"href":"https:\/\/www.upo.es\/diario\/wp-json\/wp\/v2\/posts\/9497227\/revisions"}],"predecessor-version":[{"id":9501373,"href":"https:\/\/www.upo.es\/diario\/wp-json\/wp\/v2\/posts\/9497227\/revisions\/9501373"}],"wp:attachment":[{"href":"https:\/\/www.upo.es\/diario\/wp-json\/wp\/v2\/media?parent=9497227"}],"wp:term":[{"taxonomy":"category","embeddable":true,"href":"https:\/\/www.upo.es\/diario\/wp-json\/wp\/v2\/categories?post=9497227"},{"taxonomy":"post_tag","embeddable":true,"href":"https:\/\/www.upo.es\/diario\/wp-json\/wp\/v2\/tags?post=9497227"}],"curies":[{"name":"wp","href":"https:\/\/api.w.org\/{rel}","templated":true}]}}