{"id":9497834,"date":"2015-04-21T10:29:19","date_gmt":"2015-04-21T10:29:19","guid":{"rendered":"https:\/\/www.upo.es\/diario\/?p=9497834"},"modified":"2015-04-21T11:28:28","modified_gmt":"2015-04-21T11:28:28","slug":"manuel-damian-gonzalez-alvaro-silva-y-manuel-medina-ganadores-de-la-iv-olimpiada-de-economia-de-la-upo","status":"publish","type":"post","link":"https:\/\/www.upo.es\/diario\/institucional\/2015\/04\/manuel-damian-gonzalez-alvaro-silva-y-manuel-medina-ganadores-de-la-iv-olimpiada-de-economia-de-la-upo\/","title":{"rendered":"Manuel Dami\u00e1n Gonz\u00e1lez, \u00c1lvaro Silva y Manuel Medina, ganadores de la IV Olimpiada de Econom\u00eda de la UPO"},"content":{"rendered":"<figure id=\"attachment_9465663\" aria-describedby=\"caption-attachment-9465663\" style=\"width: 320px\" class=\"wp-caption alignright\"><a href=\"https:\/\/www.upo.es\/diario\/wp-content\/uploads\/2015\/04\/olimpiadaEco.jpg\"><img loading=\"lazy\" decoding=\"async\" class=\"size-medium wp-image-9465663\" alt=\"Durante la realizaci\u00f3n de la prueba de Econom\u00eda\" src=\"https:\/\/www.upo.es\/diario\/wp-content\/uploads\/2015\/04\/olimpiadaEco-320x213.jpg\" width=\"320\" height=\"213\" srcset=\"https:\/\/www.upo.es\/diario\/wp-content\/uploads\/2015\/04\/olimpiadaEco-320x213.jpg 320w, https:\/\/www.upo.es\/diario\/wp-content\/uploads\/2015\/04\/olimpiadaEco-600x400.jpg 600w\" sizes=\"auto, (max-width: 320px) 100vw, 320px\" \/><\/a><figcaption id=\"caption-attachment-9465663\" class=\"wp-caption-text\">Durante la realizaci\u00f3n de la prueba de Econom\u00eda<\/figcaption><\/figure>\n<p style=\"text-align: justify;\">Los estudiantes de Bachillerato que han obtenido las calificaciones m\u00e1s altas en la prueba de Econom\u00eda y Econom\u00eda de la Empresa en la IV Olimpiada de Econom\u00eda y Empresa de la UPO celebrada el pasado martes 7 de abril han sido, en primer lugar, Manuel Dami\u00e1n Gonz\u00e1lez Gallego del Colegio Buen Pastor; en segundo lugar, \u00c1lvaro Silva L\u00f3pez del Colegio Alem\u00e1n y, en tercer lugar, Manuel Medina Magro del I.E.S. Jacaranda.<\/p>\n<p style=\"text-align: justify;\">Los tres estudiantes recibir\u00e1n una beca que cubrir\u00e1 los gastos de desplazamiento y estancia en M\u00e1laga para participar en la Fase Nacional de la VII Olimpiada de Econom\u00eda y Empresa. Adem\u00e1s, recibir\u00e1n una beca que cubrir\u00e1 el 100% de la matr\u00edcula del primer curso de cualquiera de los grados que se imparten en la<a href=\"http:\/\/www.upo.es\/fce\"> Facultad de Ciencias Empresariales de la UPO.<\/a><\/p>\n<p style=\"text-align: justify;\"><b>PRUEBA ESPEC\u00cdFICA DE MATEM\u00c1TICAS<\/b><\/p>\n<p style=\"text-align: justify;\">Por otro lado, los estudiantes que han obtenido mejor calificaci\u00f3n en la prueba de Matem\u00e1ticas son Sam Lubbers del Colegio Internacional Europa y Georges Darche Olsson del I.E.S Gustavo Adolfo B\u00e9cquer, en la rama tecnol\u00f3gica y en ciencias sociales, respectivamente. Los ganadores recibir\u00e1n un premio en especie valorado en 200 euros y el derecho a una beca que cubrir\u00e1 el 100% de la matr\u00edcula de primer curso en el grado en An\u00e1lisis Econ\u00f3mico en la Universidad Pablo de Olavide.<\/p>\n<p style=\"text-align: justify;\">Los diez mejores alumnos en cada una de las pruebas convocadas recibir\u00e1n un diploma acreditativo. Finalmente, el Colegio Santa Ana ha sido el centro con mejor promedio entre sus alumnos en ambas pruebas y obtendr\u00e1 un premio en especie valorado en 400 euros.<\/p>\n<p style=\"text-align: justify;\">Esta iniciativa, organizada por la Facultad de Ciencias Empresariales y la C\u00e1tedra BBVA de An\u00e1lisis Econ\u00f3mico de la UPO, tiene objetivo estimular el estudio de la materia de Econom\u00eda y Empresa entre los j\u00f3venes y divulgar su ense\u00f1anza.<\/p>\n<p style=\"text-align: justify;\">\n","protected":false},"excerpt":{"rendered":"<p>Podr\u00e1n participar en la Fase Nacional de la VII Olimpiada de Econom\u00eda y Empresa que se celebrar\u00e1 del 24 al 26 de junio en M\u00e1laga y recibir\u00e1n una beca que cubrir\u00e1 el 100% de la matr\u00edcula en los grados de la Facultad de Empresariales de la UPO.<\/p>\n","protected":false},"author":4,"featured_media":0,"comment_status":"closed","ping_status":"open","sticky":false,"template":"","format":"standard","meta":{"_monsterinsights_skip_tracking":false,"_monsterinsights_sitenote_active":false,"_monsterinsights_sitenote_note":"","_monsterinsights_sitenote_category":0,"footnotes":""},"categories":[6],"tags":[63,360,980,2290,28],"class_list":["post-9497834","post","type-post","status-publish","format-standard","hentry","category-institucional","tag-economia","tag-facultad-de-ciencias-empresariales","tag-matematicas","tag-olimpiada-de-economia","tag-olimpiadas"],"_links":{"self":[{"href":"https:\/\/www.upo.es\/diario\/wp-json\/wp\/v2\/posts\/9497834","targetHints":{"allow":["GET"]}}],"collection":[{"href":"https:\/\/www.upo.es\/diario\/wp-json\/wp\/v2\/posts"}],"about":[{"href":"https:\/\/www.upo.es\/diario\/wp-json\/wp\/v2\/types\/post"}],"author":[{"embeddable":true,"href":"https:\/\/www.upo.es\/diario\/wp-json\/wp\/v2\/users\/4"}],"replies":[{"embeddable":true,"href":"https:\/\/www.upo.es\/diario\/wp-json\/wp\/v2\/comments?post=9497834"}],"version-history":[{"count":7,"href":"https:\/\/www.upo.es\/diario\/wp-json\/wp\/v2\/posts\/9497834\/revisions"}],"predecessor-version":[{"id":9529344,"href":"https:\/\/www.upo.es\/diario\/wp-json\/wp\/v2\/posts\/9497834\/revisions\/9529344"}],"wp:attachment":[{"href":"https:\/\/www.upo.es\/diario\/wp-json\/wp\/v2\/media?parent=9497834"}],"wp:term":[{"taxonomy":"category","embeddable":true,"href":"https:\/\/www.upo.es\/diario\/wp-json\/wp\/v2\/categories?post=9497834"},{"taxonomy":"post_tag","embeddable":true,"href":"https:\/\/www.upo.es\/diario\/wp-json\/wp\/v2\/tags?post=9497834"}],"curies":[{"name":"wp","href":"https:\/\/api.w.org\/{rel}","templated":true}]}}