{"id":9510891,"date":"2015-04-17T12:33:34","date_gmt":"2015-04-17T12:33:34","guid":{"rendered":"https:\/\/www.upo.es\/diario\/?p=9510891"},"modified":"2015-04-17T12:49:21","modified_gmt":"2015-04-17T12:49:21","slug":"la-biblioteca-de-la-upo-modifica-su-horario-de-apertura-durante-la-semana-de-feria","status":"publish","type":"post","link":"https:\/\/www.upo.es\/diario\/infoupo\/2015\/04\/la-biblioteca-de-la-upo-modifica-su-horario-de-apertura-durante-la-semana-de-feria\/","title":{"rendered":"La Biblioteca de la UPO modifica su horario de apertura durante la semana de feria"},"content":{"rendered":"<p style=\"text-align: justify;\">La <a href=\"http:\/\/www.upo.es\/biblioteca\/\">Biblioteca<\/a> de la Universidad Pablo de Olavide modifica su <a href=\"http:\/\/www.upo.es\/biblioteca\/noticias\/noticias\/BIBNoticia0536.html\">horario de apertura<\/a> durante la semana de feria. As\u00ed, el lunes <b>20 de abril<\/b> el horario de apertura ser\u00e1 de 8.30 a 21.00 horas, mientras que los d\u00edas <b>21, 23<\/b> <b>y 24 de abril<\/b> la Biblioteca estar\u00e1 abierta de 8.30 horas a 15.00 horas. El mi\u00e9rcoles <b>22 de abril<\/b> y durante el fin de semana la Biblioteca permanecer\u00e1 cerrada.<\/p>\n<p style=\"text-align: center;\">\u00a0<a style=\"text-align: center; background-color: #f3f3f3;\" href=\"https:\/\/www.upo.es\/diario\/wp-content\/uploads\/2015\/04\/horariobiblio.jpg\"><img loading=\"lazy\" decoding=\"async\" class=\"size-medium wp-image-9510900 aligncenter\" alt=\"\" src=\"https:\/\/www.upo.es\/diario\/wp-content\/uploads\/2015\/04\/horariobiblio-320x44.jpg\" width=\"320\" height=\"44\" srcset=\"https:\/\/www.upo.es\/diario\/wp-content\/uploads\/2015\/04\/horariobiblio-320x44.jpg 320w, https:\/\/www.upo.es\/diario\/wp-content\/uploads\/2015\/04\/horariobiblio-600x83.jpg 600w, https:\/\/www.upo.es\/diario\/wp-content\/uploads\/2015\/04\/horariobiblio.jpg 1346w\" sizes=\"auto, (max-width: 320px) 100vw, 320px\" \/><\/a><\/p>\n<dl class=\"wp-caption aligncenter\" id=\"attachment_9510900\" style=\"width: 330px;\">\n<dd class=\"wp-caption-dd\">Horario Biblioteca durante la semana de feria<\/dd>\n<\/dl>\n<p style=\"text-align: justify;\">La devoluci\u00f3n de ejemplares del per\u00edodo de pr\u00e9stamo especial de feria se realizar\u00e1 de forma escalonada a partir del lunes <b>27 abril<\/b>.<\/p>\n<p style=\"text-align: justify;\">Salvo los d\u00edas en que la Biblioteca est\u00e9 cerrada, el <a href=\"http:\/\/www.upo.es\/biblioteca\/servicios\/prestamoyad\/prestamocbua\/index.jsp\">servicio de pr\u00e9stamo CBUA<\/a> (Consorcio de Bibliotecas Universitarias de Andaluc\u00eda) funcionar\u00e1 con normalidad en el mismo horario de apertura de la Biblioteca.<\/p>\n<p style=\"text-align: justify;\"><b>PRAPARACI\u00d3N DE EX\u00c1MENES<\/b><\/p>\n<p style=\"text-align: justify;\">Asimismo, desde el martes <b>28 de abril<\/b> hasta el <b>29 de junio<\/b> la Biblioteca de la Universidad Pablo de Olavide ampliar\u00e1 su horario de apertura para facilitar a los estudiantes la preparaci\u00f3n de los ex\u00e1menes. As\u00ed, sus instalaciones permanecer\u00e1n abierta en horario de 8.30 a 24.00 horas, de lunes a domingos, incluidos festivos.<\/p>\n<p style=\"text-align: justify;\">Las aulas de inform\u00e1tica y las salas de trabajo en grupo permanecer\u00e1n cerradas durante los d\u00edas laborables a partir de las 21.00 horas y los fines de semana y festivos. Los pr\u00e9stamos y devoluciones de libros se realizar\u00e1n a trav\u00e9s del servicio de autopr\u00e9stamo y el acceso a Internet estar\u00e1 disponible desde los ordenadores de mediateca.<\/p>\n<p style=\"text-align: justify;\">La UPO tambi\u00e9n ha habilitado el aula 3 del edificio 16 como sala nocturna, que podr\u00e1 utilizarse durante todo el curso de lunes a viernes desde las 10 de la noche a las 8 de la ma\u00f1ana. Esta misma sala permanecer\u00e1 abierta durante todo el d\u00eda los s\u00e1bados, domingos y festivos. Si esta sala est\u00e1 cerrada, el interesado podr\u00e1 solicitar su apertura en el Centro de Control, situado junto a la estaci\u00f3n de metro. El solicitante deber\u00e1 identificarse como miembro de la Comunidad Universitaria. En caso de que fuera necesario se abrir\u00edan aulas adicionales.<\/p>\n<p style=\"text-align: justify;\">Con la apertura de estos espacios, la Universidad Pablo de Olavide facilita a sus estudiantes la preparaci\u00f3n de los ex\u00e1menes, que se celebrar\u00e1n durante los meses de mayo y junio de 2015.<\/p>\n","protected":false},"excerpt":{"rendered":"<p>La Biblioteca de la Universidad Pablo de Olavide modifica su horario de apertura durante la semana de feria. As\u00ed, el lunes 20 de abril el horario de apertura ser\u00e1 de 8.30 a 21.00 horas, mientras que los d\u00edas 21, 23 y 24 de abril la Biblioteca estar\u00e1 abierta de 8.30 horas a 15.00 horas. El mi\u00e9rcoles 22 de abril y durante el fin de semana la Biblioteca permanecer\u00e1 cerrada.<\/p>\n","protected":false},"author":4,"featured_media":0,"comment_status":"closed","ping_status":"open","sticky":false,"template":"","format":"standard","meta":{"_monsterinsights_skip_tracking":false,"_monsterinsights_sitenote_active":false,"_monsterinsights_sitenote_note":"","_monsterinsights_sitenote_category":0,"footnotes":""},"categories":[5,6],"tags":[125,1042,126],"class_list":["post-9510891","post","type-post","status-publish","format-standard","hentry","category-infoupo","category-institucional","tag-biblioteca","tag-feria","tag-horario"],"_links":{"self":[{"href":"https:\/\/www.upo.es\/diario\/wp-json\/wp\/v2\/posts\/9510891","targetHints":{"allow":["GET"]}}],"collection":[{"href":"https:\/\/www.upo.es\/diario\/wp-json\/wp\/v2\/posts"}],"about":[{"href":"https:\/\/www.upo.es\/diario\/wp-json\/wp\/v2\/types\/post"}],"author":[{"embeddable":true,"href":"https:\/\/www.upo.es\/diario\/wp-json\/wp\/v2\/users\/4"}],"replies":[{"embeddable":true,"href":"https:\/\/www.upo.es\/diario\/wp-json\/wp\/v2\/comments?post=9510891"}],"version-history":[{"count":10,"href":"https:\/\/www.upo.es\/diario\/wp-json\/wp\/v2\/posts\/9510891\/revisions"}],"predecessor-version":[{"id":9511127,"href":"https:\/\/www.upo.es\/diario\/wp-json\/wp\/v2\/posts\/9510891\/revisions\/9511127"}],"wp:attachment":[{"href":"https:\/\/www.upo.es\/diario\/wp-json\/wp\/v2\/media?parent=9510891"}],"wp:term":[{"taxonomy":"category","embeddable":true,"href":"https:\/\/www.upo.es\/diario\/wp-json\/wp\/v2\/categories?post=9510891"},{"taxonomy":"post_tag","embeddable":true,"href":"https:\/\/www.upo.es\/diario\/wp-json\/wp\/v2\/tags?post=9510891"}],"curies":[{"name":"wp","href":"https:\/\/api.w.org\/{rel}","templated":true}]}}