{"id":9528927,"date":"2015-04-21T09:09:57","date_gmt":"2015-04-21T09:09:57","guid":{"rendered":"https:\/\/www.upo.es\/diario\/?p=9528927"},"modified":"2015-04-21T09:09:57","modified_gmt":"2015-04-21T09:09:57","slug":"manana-el-coro-de-la-upo-actua-en-el-concierto-homenaje-a-la-directora-del-coro-de-la-universidad-de-granada","status":"publish","type":"post","link":"https:\/\/www.upo.es\/diario\/institucional\/2015\/04\/manana-el-coro-de-la-upo-actua-en-el-concierto-homenaje-a-la-directora-del-coro-de-la-universidad-de-granada\/","title":{"rendered":"Ma\u00f1ana el coro de la UPO act\u00faa en el concierto homenaje a la directora del coro de la Universidad de Granada"},"content":{"rendered":"<figure id=\"attachment_9528928\" aria-describedby=\"caption-attachment-9528928\" style=\"width: 226px\" class=\"wp-caption alignright\"><a href=\"https:\/\/www.upo.es\/diario\/wp-content\/uploads\/2015\/04\/conciertocoro.jpg\"><img loading=\"lazy\" decoding=\"async\" class=\"size-medium wp-image-9528928\" alt=\"El coro de la UPO participa en este homenaje que se celebra ma\u00f1ana mi\u00e9rcoles en Granada\" src=\"https:\/\/www.upo.es\/diario\/wp-content\/uploads\/2015\/04\/conciertocoro-226x320.jpg\" width=\"226\" height=\"320\" srcset=\"https:\/\/www.upo.es\/diario\/wp-content\/uploads\/2015\/04\/conciertocoro-226x320.jpg 226w, https:\/\/www.upo.es\/diario\/wp-content\/uploads\/2015\/04\/conciertocoro-424x600.jpg 424w, https:\/\/www.upo.es\/diario\/wp-content\/uploads\/2015\/04\/conciertocoro-600x848.jpg 600w\" sizes=\"auto, (max-width: 226px) 100vw, 226px\" \/><\/a><figcaption id=\"caption-attachment-9528928\" class=\"wp-caption-text\">El coro de la UPO participa en este homenaje que se celebra ma\u00f1ana mi\u00e9rcoles en Granada<\/figcaption><\/figure>\n<p style=\"text-align: justify;\">Ma\u00f1ana mi\u00e9rcoles, 22 de abril, a las 20 horas en el Hospital Real, sede del rectorado de la Universidad de Granada, el coro de la Universidad Pablo de Olavide, junto con el coro Manuel de Falla de la Universidad de Granada y la Schola Gregoriana Hispana, participar\u00e1 en el concierto homenaje a M\u00aa Carmen Arroyo, directora del coro de la Universidad de Granada. La entrada es libre hasta completar aforo.<\/p>\n<p style=\"text-align: justify;\">Cada uno de los coros interpretar\u00e1 diversas obras pertenecientes a distintos periodos de la historia de la m\u00fasica, as\u00ed como el himno universitario Gaudeamus igitur por parte de los tres coros en su conjunto.<\/p>\n<p style=\"text-align: justify;\">El coro de la Universidad Pablo de Olavide interpretar\u00e1 piezas de Tom\u00e1s Luis de Victoria, John Dowland, Juan Alfonso Garc\u00eda, Jean Sibelius y Eric Whitacre, bajo la direcci\u00f3n de Jorge Rodr\u00edguez Morata y Miguel Rodr\u00edguez Rodr\u00edguez.<\/p>\n<p align=\"center\"><b>PROGRAMA<\/b><\/p>\n<p align=\"center\"><b>Mi\u00e9rcoles 22 de abril. 20.00 horas<\/b><\/p>\n<p align=\"center\"><b>Hospital Real, sede del rectorado de la Universidad de Granada<\/b><\/p>\n<p align=\"center\"><b>Homenaje Mar\u00eda del Carmen Arroyo<\/b><\/p>\n<p><b>Schola Gregoriana Hispana<\/b>. Director. Javier Lara Lara.<\/p>\n<p>1.- Salve Mater misericordiae (Antiguo himno carmelita, modo V).<\/p>\n<p>2.- Kyrie, Rex inmense \u00a0(C\u00f3dice Calixtino, Misa farcida).<\/p>\n<p>3.- Salve porta \/Salve Salus\/Salve sancta parens (Motete, 3 voces, C\u00f3dice de Las Huelgas).<\/p>\n<p>4.- Ave Maria (Responsorio breve, tono solemne).<\/p>\n<p>5.- Alleluia, Salve Virgo (Aleluya, 2 voces, C\u00f3dice de Las Huelgas).<\/p>\n<p>6.- Media vita in morte sumus -Texto: Notker \u201cbalbulus\u201d- (Responsorio prolijo).<\/p>\n<p>7.- Salve virgo \/ Ave gloriosa \/Domino (Motete, 3 voces, C\u00f3dice de Las Huelgas).<\/p>\n<p>&nbsp;<\/p>\n<p><b>Coro de la Universidad Pablo Olavide de Sevilla<\/b>. Directores Jorge Rodr\u00edguez Morata y Miguel Rodr\u00edguez Rodr\u00edguez<\/p>\n<p>1.- Popule meus (Tom\u00e1s Luis de Victoria).<\/p>\n<p>2.- Caligaverunt \u00a0oculi mei\u00a0(Tom\u00e1s Luis de Victoria).<\/p>\n<p>3.- Fine knacks for ladies (John Dowland).<\/p>\n<p>4.- Se\u00f1or, me cansa la vida (Juan Alfonso Garc\u00eda).<\/p>\n<p>5.- Vale o Tuoni (Jean Sibelius).<\/p>\n<p>6.- This marriage (Eric Whitacre).<\/p>\n<p>&nbsp;<\/p>\n<p><b>Coro Manuel de Falla de la Universidad de Granada<\/b>. Directora Purificaci\u00f3n Cano Mart\u00ednez<\/p>\n<p>1. &#8211; Ave Mar\u00eda (Tom\u00e1s Luis de Victoria)<\/p>\n<p>2. &#8211; O Sacrum convivium (Luigi Molfino).<\/p>\n<p>3. &#8211; Oh, salutaris hostia (Valent\u00edn Ruiz Aznar).<\/p>\n<p>4. &#8211; Noite da luz (Nemesio Garc\u00eda Carril).<\/p>\n<p>5. &#8211; No llores, Ni\u00f1o m\u00edo (Juan Alfonso Garc\u00eda).<\/p>\n<p>6. &#8211; Plenitud dorada (Juan Alfonso Garc\u00eda).<\/p>\n<p>7. &#8211; Tarde encendida (Juan Alfonso Garc\u00eda).<\/p>\n<p>&nbsp;<\/p>\n<p>Todos los coros juntos:<\/p>\n<p>Gaudeamus igitur.<\/p>\n<p>&nbsp;<\/p>\n","protected":false},"excerpt":{"rendered":"<p>Ma\u00f1ana mi\u00e9rcoles, 22 de abril, a las 20 horas en el Hospital Real, sede del rectorado de la Universidad de Granada, el coro de la Universidad Pablo de Olavide, junto con el coro Manuel de Falla de la Universidad de Granada y la Schola Gregoriana Hispana, participar\u00e1 en el concierto homenaje a M\u00aa Carmen Arroyo, directora del coro de la Universidad de Granada. La entrada es libre hasta completar aforo.<\/p>\n","protected":false},"author":4,"featured_media":0,"comment_status":"closed","ping_status":"open","sticky":false,"template":"","format":"standard","meta":{"_monsterinsights_skip_tracking":false,"_monsterinsights_sitenote_active":false,"_monsterinsights_sitenote_note":"","_monsterinsights_sitenote_category":0,"footnotes":""},"categories":[6],"tags":[403,2319,71,402,1157],"class_list":["post-9528927","post","type-post","status-publish","format-standard","hentry","category-institucional","tag-concierto","tag-concierto-homenaje","tag-coro","tag-musica","tag-universidad-de-granada"],"_links":{"self":[{"href":"https:\/\/www.upo.es\/diario\/wp-json\/wp\/v2\/posts\/9528927","targetHints":{"allow":["GET"]}}],"collection":[{"href":"https:\/\/www.upo.es\/diario\/wp-json\/wp\/v2\/posts"}],"about":[{"href":"https:\/\/www.upo.es\/diario\/wp-json\/wp\/v2\/types\/post"}],"author":[{"embeddable":true,"href":"https:\/\/www.upo.es\/diario\/wp-json\/wp\/v2\/users\/4"}],"replies":[{"embeddable":true,"href":"https:\/\/www.upo.es\/diario\/wp-json\/wp\/v2\/comments?post=9528927"}],"version-history":[{"count":1,"href":"https:\/\/www.upo.es\/diario\/wp-json\/wp\/v2\/posts\/9528927\/revisions"}],"predecessor-version":[{"id":9528929,"href":"https:\/\/www.upo.es\/diario\/wp-json\/wp\/v2\/posts\/9528927\/revisions\/9528929"}],"wp:attachment":[{"href":"https:\/\/www.upo.es\/diario\/wp-json\/wp\/v2\/media?parent=9528927"}],"wp:term":[{"taxonomy":"category","embeddable":true,"href":"https:\/\/www.upo.es\/diario\/wp-json\/wp\/v2\/categories?post=9528927"},{"taxonomy":"post_tag","embeddable":true,"href":"https:\/\/www.upo.es\/diario\/wp-json\/wp\/v2\/tags?post=9528927"}],"curies":[{"name":"wp","href":"https:\/\/api.w.org\/{rel}","templated":true}]}}