{"id":9539042,"date":"2015-04-23T11:52:17","date_gmt":"2015-04-23T11:52:17","guid":{"rendered":"https:\/\/www.upo.es\/diario\/?p=9539042"},"modified":"2015-04-23T11:54:37","modified_gmt":"2015-04-23T11:54:37","slug":"el-ritmo-de-la-recuperacion-se-estabiliza-en-el-3-con-el-empleo-indefinido-creciendo-a-ritmos-importantes","status":"publish","type":"post","link":"https:\/\/www.upo.es\/diario\/institucional\/2015\/04\/el-ritmo-de-la-recuperacion-se-estabiliza-en-el-3-con-el-empleo-indefinido-creciendo-a-ritmos-importantes\/","title":{"rendered":"El ritmo de la recuperaci\u00f3n se estabiliza en el 3% con el empleo indefinido creciendo a ritmos importantes"},"content":{"rendered":"<p style=\"text-align: justify;\">La C\u00e1tedra BBVA de An\u00e1lisis Econ\u00f3mico de la Universidad Pablo de Olavide, dirigida por el profesor Jos\u00e9 Ignacio Garc\u00eda P\u00e9rez, ha realizado el an\u00e1lisis del mercado de trabajo de Espa\u00f1a y Andaluc\u00eda de acuerdo a los datos ofrecidos por la Encuesta de Poblaci\u00f3n Activa (EPA) del primer trimestre de 2015.<\/p>\n<p style=\"text-align: justify;\">La ocupaci\u00f3n en Espa\u00f1a descendi\u00f3 en los \u00faltimos tres meses en 114.300 personas. Sin embargo, si eliminamos el componente estacional, que para el \u00a0primer\u00a0 trimestre es siempre negativo, la ocupaci\u00f3n aument\u00f3 en casi 96 mil ocupados, lo que supone una variaci\u00f3n inter-trimestral del 0,5%. En Andaluc\u00eda la tasa de crecimiento inter-trimestral es actualmente del 0,2% en t\u00e9rminos desestacionalizados. En los \u00faltimos doce meses, no obstante, <b>la econom\u00eda espa\u00f1ola ha sido capaz de crear m\u00e1s de medio mill\u00f3n de empleos (71.074 de estos en Andaluc\u00eda). <\/b>La principal noticia positiva de este trimestre es que la mayor parte de los empleos creados en el \u00faltimo a\u00f1o son indefinidos y a tiempo completo, lo que muestra un claro cambio de tendencia en los niveles de precariedad de nuestro mercado de trabajo. Este sigue sin ser el caso de Andaluc\u00eda donde el empleo temporal sigue marcando la t\u00f3nica en cuanto a creaci\u00f3n de empleo.<\/p>\n<p style=\"text-align: justify;\">Este trimestre, la C\u00e1tedra BBVA ofrece los resultados de un nuevo \u00edndice de precariedad laboral construido por el profesor Manuel Hidalgo tanto para el conjunto de Espa\u00f1a como para la econom\u00eda andaluza. <b>Espa\u00f1a muestra unos niveles de precariedad que casi duplican los existentes en lo pa\u00edses de la Zona Euro<\/b>. En Andaluc\u00eda, los datos son sensiblemente peores, sobre todo en lo que ata\u00f1e a paro de larga duraci\u00f3n y parcialidad no voluntaria en el empleo. El aspecto m\u00e1s positivo que se desprende del an\u00e1lisis de estos \u00edndices es que los niveles de precariedad laboral parecen estar reduci\u00e9ndose ligeramente desde los niveles m\u00e1ximos observados en 2012 en Espa\u00f1a (2013 en Andaluc\u00eda).<\/p>\n<p style=\"text-align: justify;\">Como ya viene ocurriendo desde finales de verano de 2014, el desempleo de larga duraci\u00f3n parece empezar a reducirse, aunque todav\u00eda a ritmos muy lentos. La principal novedad de los datos de este trimestre viene del cambio de tendencia que se observa en los datos de flujos laborales. En efecto, <b>el riesgo de despido ya est\u00e1 por debajo del 4% y la tasa de contrataci\u00f3n<\/b>, esto es, la probabilidad que tiene el desempleado medio de ser contratado <b>ha superado la barrera del 14%.<\/b> En Andaluc\u00eda, estas estad\u00edsticas no son tan positivas, sobre todo en lo que ata\u00f1e a contrataci\u00f3n ya que, aunque dicha tasa es superior en Andaluc\u00eda, los niveles observados en marzo de 2015 son inferiores a los observados hace un a\u00f1o.<\/p>\n<p style=\"text-align: justify;\">La tasa de paro ha aumentado en los \u00faltimos tres meses debido a la destrucci\u00f3n coyuntural de empleo t\u00edpica del invierno pero la falta de crecimiento de la poblaci\u00f3n activa ha evitado un mayor repunte de dicha tasa. En Andaluc\u00eda, la tasa de paro ha ca\u00eddo por primera vez desde 2012 a niveles inferiores al 34% siendo el empleo p\u00fablico el principal responsable de esta reducci\u00f3n. En el sector privado es el empleo en el sector servicios el que sigue mostrando tasas muy importantes de crecimiento. Por el contrario, el empleo industrial y, sobre todo, el del sector agrario muestra signos preocupantes de estancamiento cuando no de reducci\u00f3n, posiblemente estacional.<\/p>\n<p style=\"text-align: justify;\">A nivel provincial (ver tablas adjuntas), <span style=\"text-decoration: underline;\">el empleo sigue creciendo en M\u00e1laga a ritmos muy importantes, siendo Sevilla y Granada las siguientes provincias con m\u00e1s crecimiento interanual en sus niveles de empleo<\/span>. Por el contrario, <span style=\"text-decoration: underline;\">Almer\u00eda y, sobre todo, Ja\u00e9n han continuado destruyendo empleo <\/span>seguramente por el fin de las campa\u00f1as agr\u00edcolas en estas provincias. La nota negativa a nivel provincial se presenta en la elevada tasa de temporalidad que vuelve a encontrarse en las provincias con creaci\u00f3n de empleo. Mientras no se asuma por parte de nuestras autoridades y agentes sociales que este tipo de empleo causa m\u00e1s problemas que soluciones no podremos empezar a atisbar el necesario cambio en el modelo productivo que necesita nuestra tierra.<\/p>\n","protected":false},"excerpt":{"rendered":"<p>La C\u00e1tedra BBVA de An\u00e1lisis Econ\u00f3mico de la Universidad Pablo de Olavide, dirigida por el profesor Jos\u00e9 Ignacio Garc\u00eda P\u00e9rez, ha realizado el an\u00e1lisis del mercado de trabajo de Espa\u00f1a y Andaluc\u00eda de acuerdo a los datos ofrecidos por la Encuesta de Poblaci\u00f3n Activa (EPA) del primer trimestre de 2015.<\/p>\n","protected":false},"author":4,"featured_media":0,"comment_status":"closed","ping_status":"open","sticky":false,"template":"","format":"standard","meta":{"_monsterinsights_skip_tracking":false,"_monsterinsights_sitenote_active":false,"_monsterinsights_sitenote_note":"","_monsterinsights_sitenote_category":0,"footnotes":""},"categories":[6],"tags":[553,552,2328,2327,1712],"class_list":["post-9539042","post","type-post","status-publish","format-standard","hentry","category-institucional","tag-analisis-economico","tag-catedra-bbva","tag-encuesta-de-poblacion-activa","tag-informe-epa","tag-jose-ignacio-garcia"],"_links":{"self":[{"href":"https:\/\/www.upo.es\/diario\/wp-json\/wp\/v2\/posts\/9539042","targetHints":{"allow":["GET"]}}],"collection":[{"href":"https:\/\/www.upo.es\/diario\/wp-json\/wp\/v2\/posts"}],"about":[{"href":"https:\/\/www.upo.es\/diario\/wp-json\/wp\/v2\/types\/post"}],"author":[{"embeddable":true,"href":"https:\/\/www.upo.es\/diario\/wp-json\/wp\/v2\/users\/4"}],"replies":[{"embeddable":true,"href":"https:\/\/www.upo.es\/diario\/wp-json\/wp\/v2\/comments?post=9539042"}],"version-history":[{"count":5,"href":"https:\/\/www.upo.es\/diario\/wp-json\/wp\/v2\/posts\/9539042\/revisions"}],"predecessor-version":[{"id":9539251,"href":"https:\/\/www.upo.es\/diario\/wp-json\/wp\/v2\/posts\/9539042\/revisions\/9539251"}],"wp:attachment":[{"href":"https:\/\/www.upo.es\/diario\/wp-json\/wp\/v2\/media?parent=9539042"}],"wp:term":[{"taxonomy":"category","embeddable":true,"href":"https:\/\/www.upo.es\/diario\/wp-json\/wp\/v2\/categories?post=9539042"},{"taxonomy":"post_tag","embeddable":true,"href":"https:\/\/www.upo.es\/diario\/wp-json\/wp\/v2\/tags?post=9539042"}],"curies":[{"name":"wp","href":"https:\/\/api.w.org\/{rel}","templated":true}]}}