{"id":9557832,"date":"2015-04-27T07:52:39","date_gmt":"2015-04-27T07:52:39","guid":{"rendered":"https:\/\/www.upo.es\/diario\/?p=9557832"},"modified":"2015-04-27T07:53:16","modified_gmt":"2015-04-27T07:53:16","slug":"la-biblioteca-de-la-upo-amplia-su-horario-de-apertura-para-facilitar-a-los-estudiantes-la-preparacion-de-los-examenes-6","status":"publish","type":"post","link":"https:\/\/www.upo.es\/diario\/institucional\/2015\/04\/la-biblioteca-de-la-upo-amplia-su-horario-de-apertura-para-facilitar-a-los-estudiantes-la-preparacion-de-los-examenes-6\/","title":{"rendered":"La Biblioteca de la UPO ampl\u00eda su horario de apertura para facilitar a los estudiantes la preparaci\u00f3n de los ex\u00e1menes"},"content":{"rendered":"<figure id=\"attachment_6307547\" aria-describedby=\"caption-attachment-6307547\" style=\"width: 320px\" class=\"wp-caption alignright\"><a href=\"https:\/\/www.upo.es\/diario\/wp-content\/uploads\/2014\/10\/Biblioteca.jpg\"><img loading=\"lazy\" decoding=\"async\" class=\"size-medium wp-image-6307547\" alt=\"Desde el lunes, 28 de abril, hasta el 29 de junio ampliar\u00e1 su horario de apertura de 8.30 a 24 horas\" src=\"https:\/\/www.upo.es\/diario\/wp-content\/uploads\/2014\/10\/Biblioteca-320x213.jpg\" width=\"320\" height=\"213\" srcset=\"https:\/\/www.upo.es\/diario\/wp-content\/uploads\/2014\/10\/Biblioteca-320x213.jpg 320w, https:\/\/www.upo.es\/diario\/wp-content\/uploads\/2014\/10\/Biblioteca-600x400.jpg 600w\" sizes=\"auto, (max-width: 320px) 100vw, 320px\" \/><\/a><figcaption id=\"caption-attachment-6307547\" class=\"wp-caption-text\">Desde el martes 28 de abril hasta el 29 de junio ampliar\u00e1 su horario de apertura de 8.30 a 24 horas<\/figcaption><\/figure>\n<p style=\"text-align: justify;\"><span style=\"text-decoration: underline;\">Desde el martes, 28 de abril, hasta el 29 de junio,<\/span> la Biblioteca de la Universidad Pablo de Olavide ampliar\u00e1 su <a href=\"https:\/\/www1.upo.es\/biblioteca\/detalle-noticias\/Horario-extraordinario-de-apertura-00001\/\">horario de apertura<\/a> para facilitar a los estudiantes la preparaci\u00f3n de los ex\u00e1menes. As\u00ed, el nuevo periodo de apertura extraordinaria tendr\u00e1 horario de 8.30 a 24 horas, incluidos fines de semana y festivos.<\/p>\n<p style=\"text-align: justify;\">Las aulas de inform\u00e1tica y salas de trabajo en grupo permanecer\u00e1n cerradas a partir de las 21 horas los d\u00edas laborales as\u00ed como los fines de semana y festivos. Los pr\u00e9stamos y devoluciones de libros podr\u00e1n realizarse utilizando el servicio de autopr\u00e9stamo y el acceso a Internet estar\u00e1 disponible desde los ordenadores de Mediateca.<\/p>\n<p style=\"text-align: justify;\"><b>SALA NOCTURNA<\/b><\/p>\n<p style=\"text-align: justify;\">La UPO tambi\u00e9n ha habilitado el aula 3 del edificio 16 como sala nocturna, que podr\u00e1 utilizarse durante todo el curso de lunes a viernes desde las 10 de la noche hasta las 8 de la ma\u00f1ana. Esta misma sala permanecer\u00e1 abierta durante todo el d\u00eda los s\u00e1bados, domingos y festivos. Si esta sala est\u00e1 cerrada, el interesado podr\u00e1 solicitar su apertura en el Centro de Control, situado junto a la estaci\u00f3n de metro. El solicitante deber\u00e1 identificarse como miembro de la comunidad universitaria.<\/p>\n<p style=\"text-align: justify;\">Con la apertura de estos espacios, la Universidad Pablo de Olavide facilita a sus estudiantes la preparaci\u00f3n de los ex\u00e1menes, que se celebrar\u00e1n durante el mes de junio de 2015.<\/p>\n<p>&nbsp;<\/p>\n","protected":false},"excerpt":{"rendered":"<p>Desde el martes, 28 de abril, hasta el 29 de junio, la Biblioteca de la Universidad Pablo de Olavide ampliar\u00e1 su horario de apertura para facilitar a los estudiantes la preparaci\u00f3n de los ex\u00e1menes. As\u00ed, el nuevo periodo de apertura extraordinaria tendr\u00e1 horario de 8.30 a 24 horas, incluidos fines de semana y festivos.<\/p>\n","protected":false},"author":4,"featured_media":0,"comment_status":"closed","ping_status":"open","sticky":false,"template":"","format":"standard","meta":{"_monsterinsights_skip_tracking":false,"_monsterinsights_sitenote_active":false,"_monsterinsights_sitenote_note":"","_monsterinsights_sitenote_category":0,"footnotes":""},"categories":[6],"tags":[125,127,2333,2334],"class_list":["post-9557832","post","type-post","status-publish","format-standard","hentry","category-institucional","tag-biblioteca","tag-examenes","tag-horario-extraordinario","tag-preparacion-de-examenes"],"_links":{"self":[{"href":"https:\/\/www.upo.es\/diario\/wp-json\/wp\/v2\/posts\/9557832","targetHints":{"allow":["GET"]}}],"collection":[{"href":"https:\/\/www.upo.es\/diario\/wp-json\/wp\/v2\/posts"}],"about":[{"href":"https:\/\/www.upo.es\/diario\/wp-json\/wp\/v2\/types\/post"}],"author":[{"embeddable":true,"href":"https:\/\/www.upo.es\/diario\/wp-json\/wp\/v2\/users\/4"}],"replies":[{"embeddable":true,"href":"https:\/\/www.upo.es\/diario\/wp-json\/wp\/v2\/comments?post=9557832"}],"version-history":[{"count":2,"href":"https:\/\/www.upo.es\/diario\/wp-json\/wp\/v2\/posts\/9557832\/revisions"}],"predecessor-version":[{"id":9557834,"href":"https:\/\/www.upo.es\/diario\/wp-json\/wp\/v2\/posts\/9557832\/revisions\/9557834"}],"wp:attachment":[{"href":"https:\/\/www.upo.es\/diario\/wp-json\/wp\/v2\/media?parent=9557832"}],"wp:term":[{"taxonomy":"category","embeddable":true,"href":"https:\/\/www.upo.es\/diario\/wp-json\/wp\/v2\/categories?post=9557832"},{"taxonomy":"post_tag","embeddable":true,"href":"https:\/\/www.upo.es\/diario\/wp-json\/wp\/v2\/tags?post=9557832"}],"curies":[{"name":"wp","href":"https:\/\/api.w.org\/{rel}","templated":true}]}}