{"id":9558444,"date":"2015-04-27T11:07:10","date_gmt":"2015-04-27T11:07:10","guid":{"rendered":"https:\/\/www.upo.es\/diario\/?p=9558444"},"modified":"2015-04-28T12:17:41","modified_gmt":"2015-04-28T12:17:41","slug":"la-upo-acoge-un-espacio-de-investigacion-cultivo-y-reproduccion-de-especies-agricolas-de-origen-americano","status":"publish","type":"post","link":"https:\/\/www.upo.es\/diario\/institucional\/2015\/04\/la-upo-acoge-un-espacio-de-investigacion-cultivo-y-reproduccion-de-especies-agricolas-de-origen-americano\/","title":{"rendered":"La UPO acoge un espacio de investigaci\u00f3n, cultivo y reproducci\u00f3n de especies agr\u00edcolas de origen americano"},"content":{"rendered":"<figure id=\"attachment_9558445\" aria-describedby=\"caption-attachment-9558445\" style=\"width: 600px\" class=\"wp-caption aligncenter\"><a href=\"https:\/\/www.upo.es\/diario\/wp-content\/uploads\/2015\/04\/RecAgroEcoAmer.jpg\"><img loading=\"lazy\" decoding=\"async\" class=\"size-large wp-image-9558445\" alt=\"En la imagen, la vicerrectora de Estudiantes, Cultura y Compromiso Social de la UPO Elodia Hern\u00e1ndez Le\u00f3n plantando un guaje. En el centro de la fotograf\u00eda, Salvador Mesa Jim\u00e9nez, bi\u00f3logo y etnobot\u00e1nico de la Asociaci\u00f3n Ecocultural Huerto de la Cora, y a la derecha Francisco Javier Escalera Reyes, director de Cei CamBio.\" src=\"https:\/\/www.upo.es\/diario\/wp-content\/uploads\/2015\/04\/RecAgroEcoAmer-600x400.jpg\" width=\"600\" height=\"400\" srcset=\"https:\/\/www.upo.es\/diario\/wp-content\/uploads\/2015\/04\/RecAgroEcoAmer-600x400.jpg 600w, https:\/\/www.upo.es\/diario\/wp-content\/uploads\/2015\/04\/RecAgroEcoAmer-320x213.jpg 320w\" sizes=\"auto, (max-width: 600px) 100vw, 600px\" \/><\/a><figcaption id=\"caption-attachment-9558445\" class=\"wp-caption-text\">En la imagen, la vicerrectora de Estudiantes, Cultura y Compromiso Social de la UPO Elodia Hern\u00e1ndez Le\u00f3n plantando un guaje. En el centro de la fotograf\u00eda, Salvador Mesa Jim\u00e9nez, bi\u00f3logo y etnobot\u00e1nico de la Asociaci\u00f3n Ecocultural Huerto de la Cora, y a la derecha Francisco Javier Escalera Reyes, director de Cei CamBio.<\/figcaption><\/figure>\n<p><a href=\"http:\/\/www.upo.es\/ceicambio\/\">CEI CamBio<\/a>, en colaboraci\u00f3n con la\u00a0<a href=\"http:\/\/huertodelacora.es.tl\/\">Asociaci\u00f3n Ecocultural \u201cHuerto de la Cora<\/a>\u201d (Ja\u00e9n) y la Asociaci\u00f3n Vecinal \u201cFuente de la Reja\u201d de Pegalajar (Ja\u00e9n), ha puesto en marcha el <strong>\u00c1rea de Recursos Agroecol\u00f3gicos de origen Americano \u201cCelestino Mutis\u201d<\/strong>, una superficie de 2.500 metros cuadrados ubicada en el campus de la Universidad Pablo de Olavide de Sevilla que pretende ser un espacio de investigaci\u00f3n, conservaci\u00f3n y difusi\u00f3n de especies de alto valor etnobot\u00e1nico as\u00ed como un escenario dedicado a la formaci\u00f3n agroecol\u00f3gica.<\/p>\n<p>Tras la siembra de algunas especies de origen americano como el guaje (<em>Leucaena leucocephala<\/em> etnovar. mixteca), las patacas mejoradas (<em>Helianthus tuberosus<\/em> var. Sachalin Rouge), el hab\u00f3n negro (<em>Phaseolus coccineus<\/em>), las jud\u00edas ochavadas (<em>Phaseolus vulgaris<\/em> etnovar. ochavada) o los garrafones (<em>Phaseolus lunatus<\/em> etnovar. garraf\u00f3n), echa a andar este proyecto que reconoce el papel hist\u00f3rico de Sevilla como nudo de relaciones socioecol\u00f3gicas entre el continente americano y el europeo, en una universidad con vocaci\u00f3n americanista. Y es que a trav\u00e9s del Puerto se Sevilla arribaron al \u201cViejo Mundo\u201d cultivos tan esenciales para su econom\u00eda, gastronom\u00eda y sustento como la patata, el ma\u00edz, el tomate o el pimiento.<\/p>\n<figure id=\"attachment_9558446\" aria-describedby=\"caption-attachment-9558446\" style=\"width: 320px\" class=\"wp-caption alignright\"><a href=\"https:\/\/www.upo.es\/diario\/wp-content\/uploads\/2015\/04\/RecAgroEcoAmer4.jpg\"><img loading=\"lazy\" decoding=\"async\" class=\"size-medium wp-image-9558446\" alt=\"Semillas de jud\u00eda ochavada.\" src=\"https:\/\/www.upo.es\/diario\/wp-content\/uploads\/2015\/04\/RecAgroEcoAmer4-320x213.jpg\" width=\"320\" height=\"213\" srcset=\"https:\/\/www.upo.es\/diario\/wp-content\/uploads\/2015\/04\/RecAgroEcoAmer4-320x213.jpg 320w, https:\/\/www.upo.es\/diario\/wp-content\/uploads\/2015\/04\/RecAgroEcoAmer4-600x399.jpg 600w\" sizes=\"auto, (max-width: 320px) 100vw, 320px\" \/><\/a><figcaption id=\"caption-attachment-9558446\" class=\"wp-caption-text\">Semillas de jud\u00eda ochavada.<\/figcaption><\/figure>\n<p>Un aspecto a destacar de este proyecto, seg\u00fan sus impulsores, es que una parte significativa de las especies y variedades que se cultivar\u00e1n en la UPO se encuentran en peligro de extinci\u00f3n en sus zonas de origen (como ocurre, por ejemplo, con el hab\u00f3n negro) y que, en determinados casos, se tratar\u00e1 de las primeras experiencias de incorporaci\u00f3n a la agricultura europea (como suceder\u00e1, por ejemplo, con el quillay).<\/p>\n<p>Nace as\u00ed este espacio de cultivo y reproducci\u00f3n de especies agr\u00edcolas de origen americano que refuerza el car\u00e1cter y la dimensi\u00f3n ecol\u00f3gica del campus de la Universidad Pablo de Olavide, que ya cuenta desde el a\u00f1o 2012 con una parcela de 1.250 metros cuadrados destinada a huertos sociales y ecol\u00f3gicos. Como explican los organizadores de las entidades citadas, la idea es que ambos espacios se nutran mutuamente y que formen parte de un proyecto global, donde se puedan desarrollar de manera conjunta actividades abiertas tanto a la comunidad universitaria como a la no universitaria, que puedan ir desde una pr\u00e1ctica agr\u00edcola concreta, una actividad formativa ambiental o una puesta en valor de alg\u00fan elemento del patrimonio biocultural tanto en la UPO como en los lugares de trabajo e investigaci\u00f3n de la Asociaci\u00f3n Ecocultural \u201cHuerto de la Cora\u201d y de la Asociaci\u00f3n Vecinal \u201cFuente de la Reja\u201d.<\/p>\n<p>El CEI CamBio es un proyecto centrado en el desarrollo de la investigaci\u00f3n relacionada con el cambio global y sus repercusiones, tanto ecol\u00f3gicas como socioecon\u00f3micas, en el que participan las universidades de Almer\u00eda, C\u00e1diz, C\u00f3rdoba, Huelva, Internacional de Andaluc\u00eda, Ja\u00e9n y el CSIC, bajo la coordinaci\u00f3n de la Universidad Pablo de Olavide. Esta alianza de conocimiento andaluz busca convertirse en un referente internacional en medio ambiente, biodiversidad y cambio global, contando con Andaluc\u00eda como espacio de frontera con excepcionales condiciones para el estudio de los ecosistemas y con una prestigiosa comunidad investigadora andaluza.<\/p>\n","protected":false},"excerpt":{"rendered":"<p>CEI CamBio, en colaboraci\u00f3n con la Asociaci\u00f3n Ecocultural \u201cHuerto de la Cora de J\u00f3dar (Ja\u00e9n) y la Asociaci\u00f3n Vecinal \u201cFuente de la Reja\u201d de Pegalajar (Ja\u00e9n), ha puesto en marcha el \u00c1rea de Recursos Agroecol\u00f3gicos de origen Americano \u201cCelestino Mutis\u201d, una superficie de 2.500 metros cuadrados ubicada en el campus de la Universidad Pablo de Olavide de Sevilla que pretende ser un espacio de investigaci\u00f3n, conservaci\u00f3n y difusi\u00f3n de especies de alto valor etnobot\u00e1nico as\u00ed como un escenario dedicado a la formaci\u00f3n agroecol\u00f3gica.<\/p>\n","protected":false},"author":2,"featured_media":0,"comment_status":"closed","ping_status":"open","sticky":false,"template":"","format":"standard","meta":{"_monsterinsights_skip_tracking":false,"_monsterinsights_sitenote_active":false,"_monsterinsights_sitenote_note":"","_monsterinsights_sitenote_category":0,"footnotes":""},"categories":[6],"tags":[2079,269,224,2337,2336,681,2335],"class_list":["post-9558444","post","type-post","status-publish","format-standard","hentry","category-institucional","tag-agroecologia","tag-america","tag-cei-cambio","tag-cultivo","tag-etnobotanica","tag-huertos","tag-recursos-agroecologicos"],"_links":{"self":[{"href":"https:\/\/www.upo.es\/diario\/wp-json\/wp\/v2\/posts\/9558444","targetHints":{"allow":["GET"]}}],"collection":[{"href":"https:\/\/www.upo.es\/diario\/wp-json\/wp\/v2\/posts"}],"about":[{"href":"https:\/\/www.upo.es\/diario\/wp-json\/wp\/v2\/types\/post"}],"author":[{"embeddable":true,"href":"https:\/\/www.upo.es\/diario\/wp-json\/wp\/v2\/users\/2"}],"replies":[{"embeddable":true,"href":"https:\/\/www.upo.es\/diario\/wp-json\/wp\/v2\/comments?post=9558444"}],"version-history":[{"count":6,"href":"https:\/\/www.upo.es\/diario\/wp-json\/wp\/v2\/posts\/9558444\/revisions"}],"predecessor-version":[{"id":9563592,"href":"https:\/\/www.upo.es\/diario\/wp-json\/wp\/v2\/posts\/9558444\/revisions\/9563592"}],"wp:attachment":[{"href":"https:\/\/www.upo.es\/diario\/wp-json\/wp\/v2\/media?parent=9558444"}],"wp:term":[{"taxonomy":"category","embeddable":true,"href":"https:\/\/www.upo.es\/diario\/wp-json\/wp\/v2\/categories?post=9558444"},{"taxonomy":"post_tag","embeddable":true,"href":"https:\/\/www.upo.es\/diario\/wp-json\/wp\/v2\/tags?post=9558444"}],"curies":[{"name":"wp","href":"https:\/\/api.w.org\/{rel}","templated":true}]}}