{"id":9567520,"date":"2015-04-29T06:46:07","date_gmt":"2015-04-29T06:46:07","guid":{"rendered":"https:\/\/www.upo.es\/diario\/?p=9567520"},"modified":"2015-04-29T06:46:07","modified_gmt":"2015-04-29T06:46:07","slug":"sobresaliente-cum-laude-para-la-tesis-modelos-de-bienestar-igualdad-de-genero-y-permisos-por-nacimiento-en-un-contexto-de-crisis-del-modelo-social-europeo","status":"publish","type":"post","link":"https:\/\/www.upo.es\/diario\/tesis\/2015\/04\/sobresaliente-cum-laude-para-la-tesis-modelos-de-bienestar-igualdad-de-genero-y-permisos-por-nacimiento-en-un-contexto-de-crisis-del-modelo-social-europeo\/","title":{"rendered":"Sobresaliente Cum Laude para la tesis \u201cModelos de bienestar, igualdad de g\u00e9nero y permisos por nacimiento en un contexto de crisis del modelo social europeo\u201d"},"content":{"rendered":"<p>Ayer martes tuvo lugar en la sala de grados del edificio 7 la defensa p\u00fablica de la tesis doctoral titulada \u201cModelos de bienestar, igualdad de g\u00e9nero y permisos por nacimiento en un contexto de crisis del modelo social europeo\u201d, de la que es autora Carmen Castro Garc\u00eda. Esta tesis doctoral, dirigida por la profesora Lina G\u00e1lvez Mu\u00f1oz, de la Universidad Pablo de Olavide, ha obtenido la calificaci\u00f3n de Sobresaliente Cum Laude.<\/p>\n","protected":false},"excerpt":{"rendered":"<p>Ayer martes tuvo lugar en la sala de grados del edificio 7 la defensa p\u00fablica de la tesis doctoral titulada \u201cModelos de bienestar, igualdad de g\u00e9nero y permisos por nacimiento en un contexto de crisis del modelo social europeo\u201d, de la que es autora Carmen Castro Garc\u00eda. Esta tesis doctoral, dirigida por la profesora Lina G\u00e1lvez Mu\u00f1oz, de la Universidad Pablo de Olavide, ha obtenido la calificaci\u00f3n de Sobresaliente Cum Laude.<\/p>\n","protected":false},"author":5,"featured_media":0,"comment_status":"closed","ping_status":"open","sticky":false,"template":"","format":"standard","meta":{"_monsterinsights_skip_tracking":false,"_monsterinsights_sitenote_active":false,"_monsterinsights_sitenote_note":"","_monsterinsights_sitenote_category":0,"footnotes":""},"categories":[119],"tags":[872,454,2349,146],"class_list":["post-9567520","post","type-post","status-publish","format-standard","hentry","category-tesis","tag-bienestar-social","tag-europa","tag-genero-e-igualdad","tag-sociedad"],"_links":{"self":[{"href":"https:\/\/www.upo.es\/diario\/wp-json\/wp\/v2\/posts\/9567520","targetHints":{"allow":["GET"]}}],"collection":[{"href":"https:\/\/www.upo.es\/diario\/wp-json\/wp\/v2\/posts"}],"about":[{"href":"https:\/\/www.upo.es\/diario\/wp-json\/wp\/v2\/types\/post"}],"author":[{"embeddable":true,"href":"https:\/\/www.upo.es\/diario\/wp-json\/wp\/v2\/users\/5"}],"replies":[{"embeddable":true,"href":"https:\/\/www.upo.es\/diario\/wp-json\/wp\/v2\/comments?post=9567520"}],"version-history":[{"count":1,"href":"https:\/\/www.upo.es\/diario\/wp-json\/wp\/v2\/posts\/9567520\/revisions"}],"predecessor-version":[{"id":9567521,"href":"https:\/\/www.upo.es\/diario\/wp-json\/wp\/v2\/posts\/9567520\/revisions\/9567521"}],"wp:attachment":[{"href":"https:\/\/www.upo.es\/diario\/wp-json\/wp\/v2\/media?parent=9567520"}],"wp:term":[{"taxonomy":"category","embeddable":true,"href":"https:\/\/www.upo.es\/diario\/wp-json\/wp\/v2\/categories?post=9567520"},{"taxonomy":"post_tag","embeddable":true,"href":"https:\/\/www.upo.es\/diario\/wp-json\/wp\/v2\/tags?post=9567520"}],"curies":[{"name":"wp","href":"https:\/\/api.w.org\/{rel}","templated":true}]}}