{"id":9573831,"date":"2015-04-30T11:28:01","date_gmt":"2015-04-30T11:28:01","guid":{"rendered":"https:\/\/www.upo.es\/diario\/?p=9573831"},"modified":"2015-04-30T11:28:01","modified_gmt":"2015-04-30T11:28:01","slug":"la-universidad-pablo-de-olavide-participa-en-la-feria-de-la-ciencia-que-se-celebra-del-7-al-9-de-mayo-en-sevilla","status":"publish","type":"post","link":"https:\/\/www.upo.es\/diario\/ciencia\/2015\/04\/la-universidad-pablo-de-olavide-participa-en-la-feria-de-la-ciencia-que-se-celebra-del-7-al-9-de-mayo-en-sevilla\/","title":{"rendered":"La Universidad Pablo de Olavide participa en la Feria de la Ciencia que se celebra del 7 al 9 de mayo en Sevilla"},"content":{"rendered":"<p><a href=\"https:\/\/www.upo.es\/diario\/wp-content\/uploads\/2015\/04\/FERIA-DE-LA-CIENCIA_UPO_2015.png\"><img loading=\"lazy\" decoding=\"async\" class=\"alignright size-medium wp-image-9573832\" alt=\"13\u00aa Feria de la Ciencia \" src=\"https:\/\/www.upo.es\/diario\/wp-content\/uploads\/2015\/04\/FERIA-DE-LA-CIENCIA_UPO_2015-320x226.png\" width=\"320\" height=\"226\" srcset=\"https:\/\/www.upo.es\/diario\/wp-content\/uploads\/2015\/04\/FERIA-DE-LA-CIENCIA_UPO_2015-320x226.png 320w, https:\/\/www.upo.es\/diario\/wp-content\/uploads\/2015\/04\/FERIA-DE-LA-CIENCIA_UPO_2015-600x424.png 600w, https:\/\/www.upo.es\/diario\/wp-content\/uploads\/2015\/04\/FERIA-DE-LA-CIENCIA_UPO_2015.png 1199w\" sizes=\"auto, (max-width: 320px) 100vw, 320px\" \/><\/a>La Universidad Pablo de Olavide participar\u00e1 en la 13\u00aa Feria de la Ciencia que se celebrar\u00e1 los d\u00edas 7, 8 y 9 de mayo en el Palacio de Exposiciones y Congresos de Sevilla (FIBES), con un stand coordinado por el Vicerrectorado de Investigaci\u00f3n y Transferencia de Tecnolog\u00eda, a trav\u00e9s de su Oficina de Transferencia de Resultados de Investigaci\u00f3n (OTRI).<\/p>\n<p>La Feria de la Ciencia,<strong> organizada por la Sociedad Andaluza para la Divulgaci\u00f3n de la Ciencia, es un espacio que permite el intercambio, la divulgaci\u00f3n y la comunicaci\u00f3n de conocimientos cient\u00edficos<\/strong> en la que los actores divulgadores son los alumnos de institutos y colegios que voluntariamente participan, el profesorado de las universidades y el personal investigador de los centros de investigaci\u00f3n, empresas as\u00ed como museos y centros de divulgaci\u00f3n cient\u00edfica.<\/p>\n<p><strong>La UPO cuenta con un stand propio donde investigadores, profesores y alumnos de la de las Facultades de Ciencias Experimentales, Ciencias del Deporte, Ciencias Sociales, la Escuela Polit\u00e9cnica Superior, la residencia universitaria Flora Trist\u00e1n y del Centro Andaluz de Biolog\u00eda del Desarrollo (CABD), transmitir\u00e1n a los visitantes su pasi\u00f3n por el conocimiento, a trav\u00e9s de talleres de muy diverso contenido<\/strong>, demostraciones cient\u00edficas, actividades de investigaci\u00f3n social, juegos, p\u00f3steres, programa de radio, etc. As\u00ed, de forma din\u00e1mica y divertida, mostrar\u00e1n c\u00f3mo las ciencia est\u00e1 presente en nuestra vida.<\/p>\n<p>Desde la <strong>Facultad de Ciencias Experimentales<\/strong> de la UPO se han organizado diferentes talleres relacionados con la nutrici\u00f3n donde el visitante podr\u00e1 conocer su estado nutricional, evaluar sus h\u00e1bitos diet\u00e9ticos y reconocer a la dieta como factor de riesgo de trastornos del comportamiento alimentario. La importancia de proteger el medio ambiente es tambi\u00e9n un tema destacado en otros dos talleres donde podremos conocer c\u00f3mo minimizar el impacto ambiental mediante el uso de materias alternativas a la celulosa o el papel de las depuradoras. De la mano del equipo iGEM-UPO, formado por profesores y estudiantes de Ciencias Experimentales e Ingenier\u00eda, los visitantes podr\u00e1n conocer qu\u00e9 es la biolog\u00eda sint\u00e9tica y tener informaci\u00f3n de primera mano sobre el concurso internacional iGEM (International Genetically Engineered Machine) en el que desde 2011 pueden participar tambi\u00e9n equipos de alumnos y profesores de Secundaria. Participar\u00e1 tambi\u00e9n el equipo editorial de MoleQla, la revista de Ciencias de la UPO, que llevar\u00e1 el \u00faltimo n\u00famero publicado e informar\u00e1 de c\u00f3mo se organiza la revista y c\u00f3mo se puede publicar en ella.<\/p>\n<p>Por su parte la <strong>Facultad de Ciencias del Deporte<\/strong> pondr\u00e1 en marcha talleres para analizar la composici\u00f3n corporal de los visitantes mediante impedancia bioel\u00e9ctrica y medir la fuerza de prensi\u00f3n manual. Adem\u00e1s se realizar\u00e1 una prueba de salto vertical mediante el test \u201cCounter movement jump\u201d. Los datos obtenidos se podr\u00e1n llevar en una hoja impresa donde tambi\u00e9n se incluyan valores normativos e informaci\u00f3n sobre los beneficios de la actividad f\u00edsica expuesta en los p\u00f3steres.<\/p>\n<p>La <strong>Escuela Polit\u00e9cnica Superior<\/strong> ha preparado para esta Feria de la Ciencia tres interesantes talleres en los que los participantes tendr\u00e1n la ocasi\u00f3n de aprender a crear sus propias apps, dise\u00f1ar un sistema rob\u00f3tico m\u00f3vil o divertirse con juegos matem\u00e1ticos<\/p>\n<p>Las <strong>Ciencias Sociales<\/strong> tambi\u00e9n est\u00e1n presentes en nuestro stand, con la participaci\u00f3n del programa de intervenci\u00f3n social que es la residencia universitaria Flora Trist\u00e1n. Estudiantes residentes y profesores del equipo de direcci\u00f3n aportar\u00e1n su reflexi\u00f3n sobre la realidad social, a trav\u00e9s de diversos talleres y juegos. Adem\u00e1s se aprovechar\u00e1 este espacio de comunicaci\u00f3n para la realizaci\u00f3n de un programa especial de \u201cVenimos del Sur\u201d, programa de radio sobre integraci\u00f3n social llevado por los residentes de la Flora Trist\u00e1n. Dar a conocer los resultados de la nueva metodolog\u00eda aprendizaje-servicio ser\u00e1 el objetivo de un taller especialmente pensado para el profesorado asistente a la Feria de la Ciencia y que estar\u00e1 llevado por expertos en herramientas did\u00e1cticas de Ciencias Sociales.<\/p>\n<p>Por \u00faltimo, <strong>cient\u00edficos del CABD<\/strong> explicar\u00e1n en el stand los objetivos, l\u00edneas de investigaci\u00f3n y los m\u00e9todos cient\u00edficos del centro a trav\u00e9s de talleres, videos divulgativos y micrograf\u00edas cient\u00edficas. Se han organizado observaciones micro y macrosc\u00f3picas de microorganismos y modelos animales de experimentaci\u00f3n como el gusano Caenorhabditis elegans, la mosca de la fruta Drosophila melanogaster, peces medaka y cebra y embriones de rat\u00f3n. Tambi\u00e9n se celebrar\u00e1n talleres pr\u00e1cticos para la identificaci\u00f3n de mutantes y observaci\u00f3n de tejidos, as\u00ed como demostraciones de investigaciones bioinform\u00e1ticas como las estructuras de prote\u00ednas, secuencia de nucle\u00f3tidos, etc.<\/p>\n<p>La Feria de la Ciencia est\u00e1 organizada por la Sociedad Andaluza para la Divulgaci\u00f3n de la Ciencia, una asociaci\u00f3n sin \u00e1nimo de lucro constituida en el a\u00f1o 2002, formada por m\u00e1s de 200 profesores de todos los niveles del sistema educativo y de las universidades y de los centros de investigaci\u00f3n. Tambi\u00e9n cuenta con la colaboraci\u00f3n de la Fundaci\u00f3n Descubre, Fundaci\u00f3n andaluza para la divulgaci\u00f3n de la innovaci\u00f3n y el conocimiento.<\/p>\n<p>El horario de la Feria de la Ciencia es de 10 a 19 horas el jueves y el viernes (con entrada hasta las 18.30 horas) y de 11 a 20 horas el s\u00e1bado (con entrada hasta las 19.30 horas).<\/p>\n<p>&gt; <strong><a href=\"http:\/\/www.upo.es\/export\/portal\/com\/bin\/portal\/otri\/eventos\/20150507_Feria_de_la_Ciencia_2015\/1430315067252_folleto_feria_de_la_ciencia_15.pdf\" target=\"_blank\">La UPO en la 13\u00aa \u00a0Feria de la Ciencia: programa -pdf-<\/a><\/strong><\/p>\n<p>Fuente: <a href=\"http:\/\/www.upo.es\/otri\/\">Oficina de Transferencia de Resultados de Investigaci\u00f3n (OTRI) de la Universidad Pablo de Olavide<\/a><\/p>\n","protected":false},"excerpt":{"rendered":"<p>La Universidad Pablo de Olavide participar\u00e1 en la 13\u00aa Feria de la Ciencia que se celebrar\u00e1 los d\u00edas 7, 8 y 9 de mayo en el Palacio de Exposiciones y Congresos de Sevilla (FIBES), con un stand coordinado por el Vicerrectorado de Investigaci\u00f3n y Transferencia de Tecnolog\u00eda, a trav\u00e9s de su Oficina de Transferencia de Resultados de Investigaci\u00f3n (OTRI).<\/p>\n","protected":false},"author":6,"featured_media":0,"comment_status":"closed","ping_status":"open","sticky":false,"template":"","format":"standard","meta":{"_monsterinsights_skip_tracking":false,"_monsterinsights_sitenote_active":false,"_monsterinsights_sitenote_note":"","_monsterinsights_sitenote_category":0,"footnotes":""},"categories":[3],"tags":[43,970,152,122,379,1042,734,83,549,1481],"class_list":["post-9573831","post","type-post","status-publish","format-standard","hentry","category-ciencia","tag-cabd","tag-divulgacion","tag-escuela-politecnica-superior","tag-facultad-ciencias-experimentales","tag-facultad-del-deporte","tag-feria","tag-investigadores","tag-otri","tag-talleres","tag-vicerrectorado-de-investigacion-y-transferencia-tecnologica"],"_links":{"self":[{"href":"https:\/\/www.upo.es\/diario\/wp-json\/wp\/v2\/posts\/9573831","targetHints":{"allow":["GET"]}}],"collection":[{"href":"https:\/\/www.upo.es\/diario\/wp-json\/wp\/v2\/posts"}],"about":[{"href":"https:\/\/www.upo.es\/diario\/wp-json\/wp\/v2\/types\/post"}],"author":[{"embeddable":true,"href":"https:\/\/www.upo.es\/diario\/wp-json\/wp\/v2\/users\/6"}],"replies":[{"embeddable":true,"href":"https:\/\/www.upo.es\/diario\/wp-json\/wp\/v2\/comments?post=9573831"}],"version-history":[{"count":1,"href":"https:\/\/www.upo.es\/diario\/wp-json\/wp\/v2\/posts\/9573831\/revisions"}],"predecessor-version":[{"id":9573833,"href":"https:\/\/www.upo.es\/diario\/wp-json\/wp\/v2\/posts\/9573831\/revisions\/9573833"}],"wp:attachment":[{"href":"https:\/\/www.upo.es\/diario\/wp-json\/wp\/v2\/media?parent=9573831"}],"wp:term":[{"taxonomy":"category","embeddable":true,"href":"https:\/\/www.upo.es\/diario\/wp-json\/wp\/v2\/categories?post=9573831"},{"taxonomy":"post_tag","embeddable":true,"href":"https:\/\/www.upo.es\/diario\/wp-json\/wp\/v2\/tags?post=9573831"}],"curies":[{"name":"wp","href":"https:\/\/api.w.org\/{rel}","templated":true}]}}