{"id":9573834,"date":"2015-05-05T08:55:57","date_gmt":"2015-05-05T08:55:57","guid":{"rendered":"https:\/\/www.upo.es\/diario\/?p=9573834"},"modified":"2015-05-05T13:33:31","modified_gmt":"2015-05-05T13:33:31","slug":"el-rector-de-la-upo-participa-el-martes-en-el-coloquio-las-universidades-conocimiento-y-desarrollo-territorial","status":"publish","type":"post","link":"https:\/\/www.upo.es\/diario\/institucional\/2015\/05\/el-rector-de-la-upo-participa-el-martes-en-el-coloquio-las-universidades-conocimiento-y-desarrollo-territorial\/","title":{"rendered":"El rector de la UPO participa hoy martes en el coloquio \u201cLas universidades, conocimiento y desarrollo territorial\u201d"},"content":{"rendered":"<p>Hoy martes 5 de mayo, <strong>a las 19.30 horas, en sal\u00f3n de actos del Centro Cultural-Biblioteca de Montequinto<\/strong>, se celebrar\u00e1 el coloquio \u201cLas universidades, conocimiento y desarrollo territorial\u201d, en el que <strong>intervendr\u00e1n el alcalde de Dos Hermanas, Francisco Toscano S\u00e1nchez, el rector de la Universidad Pablo de Olavide, Vicente Guzm\u00e1n Fluja, y el rector de la Universidad Loyola, Gabriel P\u00e9rez Alcal\u00e1<\/strong>.<\/p>\n","protected":false},"excerpt":{"rendered":"<p>Hoy martes 5 de mayo, a las 19.30 horas, en sal\u00f3n de actos del Centro Cultural-Biblioteca de Montequinto, se celebrar\u00e1 el coloquio \u201cLas universidades, conocimiento y desarrollo territorial\u201d, en el que intervendr\u00e1n el alcalde de Dos Hermanas, Francisco Toscano S\u00e1nchez, el rector de la Universidad Pablo de Olavide, Vicente Guzm\u00e1n Fluja, y el rector de la Universidad Loyola, Gabriel P\u00e9rez Alcal\u00e1.<\/p>\n","protected":false},"author":6,"featured_media":0,"comment_status":"closed","ping_status":"open","sticky":false,"template":"","format":"standard","meta":{"_monsterinsights_skip_tracking":false,"_monsterinsights_sitenote_active":false,"_monsterinsights_sitenote_note":"","_monsterinsights_sitenote_category":0,"footnotes":""},"categories":[6],"tags":[586,603,575,234,38,433,39,106],"class_list":["post-9573834","post","type-post","status-publish","format-standard","hentry","category-institucional","tag-alcaldia","tag-coloquio","tag-desarrollo","tag-dos-hermanas","tag-rector","tag-universidad-loyola-andalucia","tag-universidades","tag-vicente-c-guzman"],"_links":{"self":[{"href":"https:\/\/www.upo.es\/diario\/wp-json\/wp\/v2\/posts\/9573834","targetHints":{"allow":["GET"]}}],"collection":[{"href":"https:\/\/www.upo.es\/diario\/wp-json\/wp\/v2\/posts"}],"about":[{"href":"https:\/\/www.upo.es\/diario\/wp-json\/wp\/v2\/types\/post"}],"author":[{"embeddable":true,"href":"https:\/\/www.upo.es\/diario\/wp-json\/wp\/v2\/users\/6"}],"replies":[{"embeddable":true,"href":"https:\/\/www.upo.es\/diario\/wp-json\/wp\/v2\/comments?post=9573834"}],"version-history":[{"count":6,"href":"https:\/\/www.upo.es\/diario\/wp-json\/wp\/v2\/posts\/9573834\/revisions"}],"predecessor-version":[{"id":9600161,"href":"https:\/\/www.upo.es\/diario\/wp-json\/wp\/v2\/posts\/9573834\/revisions\/9600161"}],"wp:attachment":[{"href":"https:\/\/www.upo.es\/diario\/wp-json\/wp\/v2\/media?parent=9573834"}],"wp:term":[{"taxonomy":"category","embeddable":true,"href":"https:\/\/www.upo.es\/diario\/wp-json\/wp\/v2\/categories?post=9573834"},{"taxonomy":"post_tag","embeddable":true,"href":"https:\/\/www.upo.es\/diario\/wp-json\/wp\/v2\/tags?post=9573834"}],"curies":[{"name":"wp","href":"https:\/\/api.w.org\/{rel}","templated":true}]}}