{"id":9594665,"date":"2015-05-05T05:35:08","date_gmt":"2015-05-05T05:35:08","guid":{"rendered":"https:\/\/www.upo.es\/diario\/?p=9594665"},"modified":"2015-05-05T06:23:11","modified_gmt":"2015-05-05T06:23:11","slug":"manana-seminario-genomica-y-salud-nuevos-retos","status":"publish","type":"post","link":"https:\/\/www.upo.es\/diario\/institucional\/2015\/05\/manana-seminario-genomica-y-salud-nuevos-retos\/","title":{"rendered":"Hoy, seminario \u201cGen\u00f3mica y Salud: Nuevos Retos\u201d"},"content":{"rendered":"<p>Hoy martes 5 de mayo,<strong> a las 12 horas, en el aula B04 del edificio 45<\/strong>, tendr\u00e1 lugar el<strong> seminario \u201cGen\u00f3mica y Salud: Nuevos Retos\u201d<\/strong> , en el marco de las actividades del<strong> M\u00e1ster de Biotecnolog\u00eda Sanitaria<\/strong>. El acceso es libre hasta completar el aforo teniendo prioridad los alumnos de postgrado.<\/p>\n<p>El seminario estar\u00e1 a cargo de la doctora <strong>Ana Mart\u00ednez-Hortig\u00fcela<\/strong>, responsable de Desarrollo de Negocio y relaciones p\u00fablicas de Imegen,\u00a0 empresa de biotecnolog\u00eda especializada en diagn\u00f3stico gen\u00e9tico de enfermedades raras. La doctora Mart\u00ednez- Hortig\u00fcela hablar\u00e1 sobre las \u00faltimas herramientas de Gen\u00f3mica aplicadas al diagn\u00f3stico cl\u00ednico, as\u00ed como de oportunidades laborales relacionadas con empresas biotecnol\u00f3gicas de diagn\u00f3stico gen\u00e9tico y NGS (<i>New Generation Sequencing<\/i>).<\/p>\n<p>En caso de superarse el aforo, el seminario se celebrar\u00e1 en el aula B11 del mismo edificio 45.<\/p>\n","protected":false},"excerpt":{"rendered":"<p>A cargo de la doctora Ana Mart\u00ednez-Hortig\u00fcela, responsable de Desarrollo de Negocio y relaciones p\u00fablicas de Imegen,  empresa de biotecnolog\u00eda especializada en diagn\u00f3stico gen\u00e9tico de enfermedades raras. <\/p>\n","protected":false},"author":6,"featured_media":0,"comment_status":"closed","ping_status":"open","sticky":false,"template":"","format":"standard","meta":{"_monsterinsights_skip_tracking":false,"_monsterinsights_sitenote_active":false,"_monsterinsights_sitenote_note":"","_monsterinsights_sitenote_category":0,"footnotes":""},"categories":[6],"tags":[121,42,118,82,218,78],"class_list":["post-9594665","post","type-post","status-publish","format-standard","hentry","category-institucional","tag-biotecnologia","tag-genetica","tag-master","tag-postgrado","tag-salud","tag-seminario"],"_links":{"self":[{"href":"https:\/\/www.upo.es\/diario\/wp-json\/wp\/v2\/posts\/9594665","targetHints":{"allow":["GET"]}}],"collection":[{"href":"https:\/\/www.upo.es\/diario\/wp-json\/wp\/v2\/posts"}],"about":[{"href":"https:\/\/www.upo.es\/diario\/wp-json\/wp\/v2\/types\/post"}],"author":[{"embeddable":true,"href":"https:\/\/www.upo.es\/diario\/wp-json\/wp\/v2\/users\/6"}],"replies":[{"embeddable":true,"href":"https:\/\/www.upo.es\/diario\/wp-json\/wp\/v2\/comments?post=9594665"}],"version-history":[{"count":3,"href":"https:\/\/www.upo.es\/diario\/wp-json\/wp\/v2\/posts\/9594665\/revisions"}],"predecessor-version":[{"id":9594669,"href":"https:\/\/www.upo.es\/diario\/wp-json\/wp\/v2\/posts\/9594665\/revisions\/9594669"}],"wp:attachment":[{"href":"https:\/\/www.upo.es\/diario\/wp-json\/wp\/v2\/media?parent=9594665"}],"wp:term":[{"taxonomy":"category","embeddable":true,"href":"https:\/\/www.upo.es\/diario\/wp-json\/wp\/v2\/categories?post=9594665"},{"taxonomy":"post_tag","embeddable":true,"href":"https:\/\/www.upo.es\/diario\/wp-json\/wp\/v2\/tags?post=9594665"}],"curies":[{"name":"wp","href":"https:\/\/api.w.org\/{rel}","templated":true}]}}