{"id":9599915,"date":"2015-05-06T05:40:07","date_gmt":"2015-05-06T05:40:07","guid":{"rendered":"https:\/\/www.upo.es\/diario\/?p=9599915"},"modified":"2015-05-06T06:11:01","modified_gmt":"2015-05-06T06:11:01","slug":"manana-ceremonia-de-egresados-de-las-primeras-promociones-de-analisis-economico-y-de-administracion-y-direccion-de-empresas-en-ingles","status":"publish","type":"post","link":"https:\/\/www.upo.es\/diario\/institucional\/2015\/05\/manana-ceremonia-de-egresados-de-las-primeras-promociones-de-analisis-economico-y-de-administracion-y-direccion-de-empresas-en-ingles\/","title":{"rendered":"Hoy, ceremonia de egresados de las primeras promociones de An\u00e1lisis Econ\u00f3mico y de Administraci\u00f3n y Direcci\u00f3n de Empresas en Ingl\u00e9s"},"content":{"rendered":"<p><span style=\"text-decoration: underline;\">Hoy mi\u00e9rcoles 6 de mayo, a las 20 horas en la Plaza de Am\u00e9rica <\/span><span style=\"text-decoration: underline;\">de la Universidad Pablo de Olavide<\/span>, se celebrar\u00e1 la Ceremonia de Egresados de las primeras promociones (2011-2015) de los grados en An\u00e1lisis Econ\u00f3mico y en Administraci\u00f3n y Direcci\u00f3n de Empresas en Ingl\u00e9s. Asimismo tambi\u00e9n se celebrar\u00e1 el acto de graduaci\u00f3n de las promociones 2011-2015 de los grados en Administraci\u00f3n y Direcci\u00f3n de Empresas y de Finanzas y Contabilidad. El acto estar\u00e1 presidido por el decano de la Facultad de Ciencias Empresariales, Francisco Carrasco.<\/p>\n<p>El padrino de las promociones ser\u00e1 Francisco Ortiz Dom\u00ednguez, presidente de EXTRAICE SL. A las ceremonias tambi\u00e9n asistir\u00e1n el delegado de Estrategia, Prospectiva y Emprendimiento de la UPO, Jos\u00e9 Manuel Feria Dom\u00ednguez, y el vicedecano de Relaciones con Empresas e Instituciones de la Facultad de Ciencias Empresariales, Jos\u00e9 Carlos Miranda Terce\u00f1o.<\/p>\n<p>Un total de 126 egresados \u2013 18 del grado en An\u00e1lisis Econ\u00f3mico, 15 de Administraci\u00f3n y Direcci\u00f3n de Empresas en Ingl\u00e9s, 46 del grado en Administraci\u00f3n y Direcci\u00f3n de Empresas y 50 de Finanzas y Contabilidad- han confirmado su asistencia, junto a sus familiares, a estos actos con los que la Universidad Pablo de Olavide recupera una antigua tradici\u00f3n de las universidades europeas.<\/p>\n<p align=\"center\"><b><span style=\"text-decoration: underline;\">\u00a0<\/span><\/b><\/p>\n<p align=\"center\"><b><span style=\"text-decoration: underline;\">Programa Ceremonia Fin de Grado<\/span><\/b><\/p>\n<p align=\"center\">20 horas.<\/p>\n<p align=\"center\">Plaza de Am\u00e9rica de la Universidad Pablo de Olavide.<\/p>\n<p align=\"center\">&#8211; Apertura del acto.<\/p>\n<p align=\"center\">&#8211; Mensaje de la padrino de las promociones: Francisco Ortiz Dom\u00ednguez, presidente de EXTRAICE SL.<\/p>\n<p align=\"center\">&#8211; Imposici\u00f3n de becas a los estudiantes.<\/p>\n<p align=\"center\">\u00a0&#8211; Intervenci\u00f3n de las representantes de los estudiantes: Mar\u00eda Jes\u00fas \u00c1lvarez Dom\u00ednguez del grado en An\u00e1lisis Econ\u00f3mico; Mar\u00eda del Carmen Gil Hurtado y Carmen Mori\u00f3n Castillo del grado en Administraci\u00f3n y Direcci\u00f3n de Empresas en Ingl\u00e9s; Mediaci\u00f3n Mar\u00eda Alfaro Gonz\u00e1lez, Ezequiel Escabias Le\u00f3n y Jes\u00fas Pab\u00f3n Garc\u00eda del grado en Administraci\u00f3n y Direcci\u00f3n de Empresas, y M\u00f3nica Dom\u00ednguez Pineda y David de los Santos Colomera del grado en Finanzas y Contabilidad.<\/p>\n<p align=\"center\">\u00a0&#8211; Palabras y clausura del decano dela Facultad \u00a0de Ciencias Empresariales: Francisco Carrasco Fenech.<\/p>\n<p align=\"center\">\u00a0&#8211; Himno Universitario.<\/p>\n","protected":false},"excerpt":{"rendered":"<p>Hoy mi\u00e9rcoles 6 de mayo, a las 20 horas en la Plaza de Am\u00e9rica de la Universidad Pablo de Olavide, se celebrar\u00e1 la Ceremonia de Egresados de las primeras promociones (2011-2015) de los grados en An\u00e1lisis Econ\u00f3mico y en Administraci\u00f3n y Direcci\u00f3n de Empresas en Ingl\u00e9s. Asimismo tambi\u00e9n se celebrar\u00e1 el acto de graduaci\u00f3n de las promociones 2011-2015 de los grados en Administraci\u00f3n y Direcci\u00f3n de Empresas y de Finanzas y Contabilidad. El acto estar\u00e1 presidido por el decano de la Facultad de Ciencias Empresariales, Francisco Carrasco.<\/p>\n","protected":false},"author":4,"featured_media":0,"comment_status":"closed","ping_status":"open","sticky":false,"template":"","format":"standard","meta":{"_monsterinsights_skip_tracking":false,"_monsterinsights_sitenote_active":false,"_monsterinsights_sitenote_note":"","_monsterinsights_sitenote_category":0,"footnotes":""},"categories":[6],"tags":[607,553,581,360,608,266],"class_list":["post-9599915","post","type-post","status-publish","format-standard","hentry","category-institucional","tag-administracion-y-direccion-de-empresas","tag-analisis-economico","tag-ceremonia-de-egresados","tag-facultad-de-ciencias-empresariales","tag-finanzas-y-contabilidad","tag-grados"],"_links":{"self":[{"href":"https:\/\/www.upo.es\/diario\/wp-json\/wp\/v2\/posts\/9599915","targetHints":{"allow":["GET"]}}],"collection":[{"href":"https:\/\/www.upo.es\/diario\/wp-json\/wp\/v2\/posts"}],"about":[{"href":"https:\/\/www.upo.es\/diario\/wp-json\/wp\/v2\/types\/post"}],"author":[{"embeddable":true,"href":"https:\/\/www.upo.es\/diario\/wp-json\/wp\/v2\/users\/4"}],"replies":[{"embeddable":true,"href":"https:\/\/www.upo.es\/diario\/wp-json\/wp\/v2\/comments?post=9599915"}],"version-history":[{"count":4,"href":"https:\/\/www.upo.es\/diario\/wp-json\/wp\/v2\/posts\/9599915\/revisions"}],"predecessor-version":[{"id":9604073,"href":"https:\/\/www.upo.es\/diario\/wp-json\/wp\/v2\/posts\/9599915\/revisions\/9604073"}],"wp:attachment":[{"href":"https:\/\/www.upo.es\/diario\/wp-json\/wp\/v2\/media?parent=9599915"}],"wp:term":[{"taxonomy":"category","embeddable":true,"href":"https:\/\/www.upo.es\/diario\/wp-json\/wp\/v2\/categories?post=9599915"},{"taxonomy":"post_tag","embeddable":true,"href":"https:\/\/www.upo.es\/diario\/wp-json\/wp\/v2\/tags?post=9599915"}],"curies":[{"name":"wp","href":"https:\/\/api.w.org\/{rel}","templated":true}]}}