{"id":9600150,"date":"2015-05-05T13:00:43","date_gmt":"2015-05-05T13:00:43","guid":{"rendered":"https:\/\/www.upo.es\/diario\/?p=9600150"},"modified":"2015-05-05T13:18:02","modified_gmt":"2015-05-05T13:18:02","slug":"profesionales-abordan-en-la-upo-la-diversidad-funcional-en-situaciones-de-emergencia-y-seguridad","status":"publish","type":"post","link":"https:\/\/www.upo.es\/diario\/institucional\/2015\/05\/profesionales-abordan-en-la-upo-la-diversidad-funcional-en-situaciones-de-emergencia-y-seguridad\/","title":{"rendered":"Profesionales abordan en la UPO la diversidad funcional en situaciones de emergencia y seguridad"},"content":{"rendered":"<figure id=\"attachment_9600151\" aria-describedby=\"caption-attachment-9600151\" style=\"width: 600px\" class=\"wp-caption aligncenter\"><a href=\"https:\/\/www.upo.es\/diario\/wp-content\/uploads\/2015\/05\/jgedes.jpg\"><img loading=\"lazy\" decoding=\"async\" class=\"size-large wp-image-9600151\" alt=\"Durante la inauguraci\u00f3n de las jornadas\" src=\"https:\/\/www.upo.es\/diario\/wp-content\/uploads\/2015\/05\/jgedes-600x400.jpg\" width=\"600\" height=\"400\" srcset=\"https:\/\/www.upo.es\/diario\/wp-content\/uploads\/2015\/05\/jgedes-600x400.jpg 600w, https:\/\/www.upo.es\/diario\/wp-content\/uploads\/2015\/05\/jgedes-320x213.jpg 320w\" sizes=\"auto, (max-width: 600px) 100vw, 600px\" \/><\/a><figcaption id=\"caption-attachment-9600151\" class=\"wp-caption-text\">Durante la inauguraci\u00f3n de las jornadas<\/figcaption><\/figure>\n<p style=\"text-align: justify;\">Esta ma\u00f1ana han comenzado en la Universidad Pablo de Olavide las IV Jornadas Universitarias \u201cEducaci\u00f3n, discapacidad, emergencia y seguridad\u201d, con el objetivo de desarrollar una formaci\u00f3n basada en la actuaci\u00f3n con personas con diversidad funcional en situaciones de emergencia y seguridad.<\/p>\n<p style=\"text-align: justify;\">Las jornadas han sido inauguradas por Pilar Rodr\u00edguez Reina, vicerrectora de Internacionalizaci\u00f3n y Comunicaci\u00f3n de la UPO; Gonzalo Rivas Rubiales, director general de Personas con Discapacidad de la Consejer\u00eda de Igualdad, Salud y Pol\u00edticas Sociales; Diego Ramos S\u00e1nchez, director general de Participaci\u00f3n y Equidad de la Consejer\u00eda de Educaci\u00f3n, Cultura y Deporte; Luis Manuel L\u00f3pez Mateos, jefe del departamento de Extinci\u00f3n de Incendios y Salvamento del Ayuntamiento de Sevilla; Gabriel Nevado, jefe operativo de la Polic\u00eda Local del Ayuntamiento de Sevilla, y Francisco J. Pe\u00f1a Gonz\u00e1lez de GEDES (Grupo de Trabajo de Educaci\u00f3n, Discapacidad, Emergencia y Seguridad). A continuaci\u00f3n, la psic\u00f3loga Margarita Sebasti\u00e1n Herranz del Centro de Referencia Estatal de Autonom\u00eda Personal y Ayudas T\u00e9cnicas (CEAPAT) ha impartido la conferencia inaugural \u201cDiversidad funcional y accesibilidad universal: logros y retos\u201d.<\/p>\n<p style=\"text-align: justify;\">Durante la inauguraci\u00f3n, Pilar Rodr\u00edguez Reina ha destacado \u201cla importancia de celebrar jornadas de sensibilizaci\u00f3n en materia de atenci\u00f3n a las personas con diversidad funcional ante situaciones de emergencia, perseguir siempre una mayor inclusi\u00f3n y un claro afianzamiento de la igualdad social\u201d. As\u00ed como \u201cel compromiso en pro de una igualdad entre todas las personas, no importa cuales sean sus capacidades\u201d.<\/p>\n<p style=\"text-align: justify;\"><b>PRESENTACI\u00d3N GU\u00cdA<\/b><\/p>\n<p style=\"text-align: justify;\">Esta tarde, a las 17 horas en el sal\u00f3n de grados del edificio 7, Raquel Navas Hern\u00e1ndez, asesora pedag\u00f3gica de intervenci\u00f3n y pol\u00edticas viales de la Direcci\u00f3n General de Tr\u00e1fico, presentar\u00e1 la \u201cGu\u00eda de atenci\u00f3n a personas con discapacidad en situaciones de emergencia y accidentes\u201d realizada por GEDES y publicada por la Direcci\u00f3n General de Tr\u00e1fico.<\/p>\n<p style=\"text-align: justify;\">Profesionales de diferentes \u00e1mbitos como la educaci\u00f3n, discapacidad, sanidad y de las emergencias y de la seguridad participan en estas jornadas con conferencias y mesas redondas para abordar temas tales como las diferentes discapacidades en Andaluc\u00eda, personas con autismo, trastornos graves de conducta entre otros.<\/p>\n<p style=\"text-align: justify;\">Esta actividad finaliza ma\u00f1ana mi\u00e9rcoles, 6 de mayo, con la conferencia de clausura \u201cLa representaci\u00f3n de la diversidad funcional en los medios de comunicaci\u00f3n\u201d, impartida por Antonio I\u00e1\u00f1ez, doctor en Antropolog\u00eda Social y profesor de Trabajo Social de la UPO. A continuaci\u00f3n, Germ\u00e1n Jar\u00e1iz, director de Programaci\u00f3n Social y Cultural de la UPO y Ana Mar\u00eda Casta\u00f1o, presidenta de GEDES clausurar\u00e1n las jornadas.<\/p>\n<p style=\"text-align: justify;\">Estas jornadas, organizadas por la <a href=\"http:\/\/www.upo.es\/upsc\/voluntariado_participacion\/voluntariado\/index.jsp\">Oficina de Voluntariado y Solidaridad<\/a> de la UPO, perteneciente al <a href=\"http:\/\/www.upo.es\/rectorado\/vicerrectorado\/part_social\/index.jsp\">Vicerrectorado de Cultura, Participaci\u00f3n y Compromiso Social<\/a>, y el grupo GEDES, est\u00e1n dirigidas a profesionales del \u00e1mbito de la discapacidad, de la educaci\u00f3n, de la seguridad (polic\u00eda local, polic\u00eda nacional, guardia civil, polic\u00eda auton\u00f3mica y otros) de la emergencia (personal sanitario del servicio de emergencias sanitarias, cuerpos de bomberos y sus secciones sanitarias, protecci\u00f3n civil) y otros colectivos afines, as\u00ed como a estudiantes de la Universidad Pablo de Olavide, los cuales podr\u00e1n convalidar sus cr\u00e9ditos de libre configuraci\u00f3n.<\/p>\n<p style=\"text-align: justify;\"><a href=\"http:\/\/grupogedes12.blogspot.com.es\/2015\/04\/iv-jornadas-universitarias-sobre.html\">Programa \u201cIV Jornadas Universitarias Educaci\u00f3n, Discapacidad, Emergencia y Seguridad\u201d<\/a><\/p>\n","protected":false},"excerpt":{"rendered":"<p>Esta actividad finaliza ma\u00f1ana mi\u00e9rcoles, 6 de mayo, con la conferencia de clausura \u201cLa representaci\u00f3n de la diversidad funcional en los medios de comunicaci\u00f3n\u201d, impartida por Antonio I\u00e1\u00f1ez, doctor en Antropolog\u00eda Social y profesor de Trabajo Social de la UPO. A continuaci\u00f3n, Germ\u00e1n Jar\u00e1iz, director de Programaci\u00f3n Social y Cultural de la UPO y Ana Mar\u00eda Casta\u00f1o, presidenta de GEDES clausurar\u00e1n las jornadas.       <\/p>\n","protected":false},"author":4,"featured_media":0,"comment_status":"closed","ping_status":"open","sticky":false,"template":"","format":"standard","meta":{"_monsterinsights_skip_tracking":false,"_monsterinsights_sitenote_active":false,"_monsterinsights_sitenote_note":"","_monsterinsights_sitenote_category":0,"footnotes":""},"categories":[6],"tags":[1210,2355,465,2356,2351,84,1168,483],"class_list":["post-9600150","post","type-post","status-publish","format-standard","hentry","category-institucional","tag-discapacidad","tag-diversidad-funcional","tag-educacion","tag-emergencia","tag-gedes","tag-jornadas","tag-oficina-de-voluntariado-y-solidaridad","tag-seguridad"],"_links":{"self":[{"href":"https:\/\/www.upo.es\/diario\/wp-json\/wp\/v2\/posts\/9600150","targetHints":{"allow":["GET"]}}],"collection":[{"href":"https:\/\/www.upo.es\/diario\/wp-json\/wp\/v2\/posts"}],"about":[{"href":"https:\/\/www.upo.es\/diario\/wp-json\/wp\/v2\/types\/post"}],"author":[{"embeddable":true,"href":"https:\/\/www.upo.es\/diario\/wp-json\/wp\/v2\/users\/4"}],"replies":[{"embeddable":true,"href":"https:\/\/www.upo.es\/diario\/wp-json\/wp\/v2\/comments?post=9600150"}],"version-history":[{"count":4,"href":"https:\/\/www.upo.es\/diario\/wp-json\/wp\/v2\/posts\/9600150\/revisions"}],"predecessor-version":[{"id":9600154,"href":"https:\/\/www.upo.es\/diario\/wp-json\/wp\/v2\/posts\/9600150\/revisions\/9600154"}],"wp:attachment":[{"href":"https:\/\/www.upo.es\/diario\/wp-json\/wp\/v2\/media?parent=9600150"}],"wp:term":[{"taxonomy":"category","embeddable":true,"href":"https:\/\/www.upo.es\/diario\/wp-json\/wp\/v2\/categories?post=9600150"},{"taxonomy":"post_tag","embeddable":true,"href":"https:\/\/www.upo.es\/diario\/wp-json\/wp\/v2\/tags?post=9600150"}],"curies":[{"name":"wp","href":"https:\/\/api.w.org\/{rel}","templated":true}]}}