{"id":9604311,"date":"2015-05-06T07:06:50","date_gmt":"2015-05-06T07:06:50","guid":{"rendered":"https:\/\/www.upo.es\/diario\/?p=9604311"},"modified":"2015-05-06T07:08:15","modified_gmt":"2015-05-06T07:08:15","slug":"ceremonias-de-egresados-de-los-dobles-grados-en-derecho-y-empresariales-y-en-derecho-y-finanzas-y-contabilidad","status":"publish","type":"post","link":"https:\/\/www.upo.es\/diario\/institucional\/2015\/05\/ceremonias-de-egresados-de-los-dobles-grados-en-derecho-y-empresariales-y-en-derecho-y-finanzas-y-contabilidad\/","title":{"rendered":"Ceremonias de Egresados de los dobles grados en Derecho y Empresariales y en Derecho y Finanzas y Contabilidad"},"content":{"rendered":"<figure id=\"attachment_9604313\" aria-describedby=\"caption-attachment-9604313\" style=\"width: 320px\" class=\"wp-caption alignright\"><a href=\"https:\/\/www.upo.es\/diario\/wp-content\/uploads\/2015\/05\/fotogrupo.jpg\"><img loading=\"lazy\" decoding=\"async\" class=\"size-medium wp-image-9604313\" alt=\"Las promociones 2010-2016 de los dobles grados en Derecho y ADE y en Derecho y Finanzas y Contabilidad\" src=\"https:\/\/www.upo.es\/diario\/wp-content\/uploads\/2015\/05\/fotogrupo-320x213.jpg\" width=\"320\" height=\"213\" srcset=\"https:\/\/www.upo.es\/diario\/wp-content\/uploads\/2015\/05\/fotogrupo-320x213.jpg 320w, https:\/\/www.upo.es\/diario\/wp-content\/uploads\/2015\/05\/fotogrupo-600x399.jpg 600w, https:\/\/www.upo.es\/diario\/wp-content\/uploads\/2015\/05\/fotogrupo.jpg 1024w\" sizes=\"auto, (max-width: 320px) 100vw, 320px\" \/><\/a><figcaption id=\"caption-attachment-9604313\" class=\"wp-caption-text\">Las promociones 2010-2016 de los dobles grados en Derecho y ADE y en Derecho y Finanzas y Contabilidad. Foto: www.fotoexito.es<\/figcaption><\/figure>\n<p>Las Ceremonias de Egresados de las promociones 2010-2016 de los dobles grados en Derecho y Administraci\u00f3n y Direcci\u00f3n de Empresas y en Derecho y Finanzas y Contabilidad se celebraron ayer martes en la Universidad Pablo de Olavide, presididas por el decano de la Facultad de Ciencias Empresariales, Francisco Carrasco Fenech.<\/p>\n<figure id=\"attachment_9604312\" aria-describedby=\"caption-attachment-9604312\" style=\"width: 213px\" class=\"wp-caption alignright\"><a href=\"https:\/\/www.upo.es\/diario\/wp-content\/uploads\/2015\/05\/fotopadrino.jpg\"><img loading=\"lazy\" decoding=\"async\" class=\"size-medium wp-image-9604312\" alt=\"El padrino ha sido \" src=\"https:\/\/www.upo.es\/diario\/wp-content\/uploads\/2015\/05\/fotopadrino-213x320.jpg\" width=\"213\" height=\"320\" srcset=\"https:\/\/www.upo.es\/diario\/wp-content\/uploads\/2015\/05\/fotopadrino-213x320.jpg 213w, https:\/\/www.upo.es\/diario\/wp-content\/uploads\/2015\/05\/fotopadrino-400x600.jpg 400w, https:\/\/www.upo.es\/diario\/wp-content\/uploads\/2015\/05\/fotopadrino-600x899.jpg 600w, https:\/\/www.upo.es\/diario\/wp-content\/uploads\/2015\/05\/fotopadrino.jpg 683w\" sizes=\"auto, (max-width: 213px) 100vw, 213px\" \/><\/a><figcaption id=\"caption-attachment-9604312\" class=\"wp-caption-text\">El padrino ha sido Eduardo G\u00f3mez L\u00f3pez, juez de lo Mercantil de Sevilla. Foto: www.fotoexito.es<\/figcaption><\/figure>\n<p style=\"text-align: justify;\">El padrino de las promociones ha sido Eduardo G\u00f3mez L\u00f3pez, juez de lo Mercantil de Sevilla. A las ceremonias tambi\u00e9n han asistido los decanos de la Facultad de Derecho y de la Facultad de Ciencias Empresariales, Andr\u00e9s Rodr\u00edguez Benot y Francisco Carrasco Fenech, respectivamente; el vicedecano de Relaciones con Empresas e Instituciones de la Facultad de Ciencias Empresariales y Jos\u00e9 Carlos Miranda Terce\u00f1o. Los representantes de los estudiantes han sido B\u00e1rbara Iniesta Pallar\u00e9s y Rafael Mellado Barroso del doble grado en Derecho y Administraci\u00f3n y Direcci\u00f3n de Empresas, y Mar\u00eda Holgu\u00edn Moreno y Alejandro G\u00f3mez Sim\u00f3n del doble grado en Derecho y Finanzas y Contabilidad.<\/p>\n<p style=\"text-align: justify;\">Un total de 127 egresados \u2013 100 del doble grado en Derecho y Administraci\u00f3n y Direcci\u00f3n de Empresas y 27 del doble grado en Derecho y Finanzas y Contabilidad- han asistido, junto a sus familiares, a estos actos con los que la Universidad Pablo de Olavide recupera una antigua tradici\u00f3n de las universidades europeas.<\/p>\n<p style=\"text-align: justify;\">\n","protected":false},"excerpt":{"rendered":"<p>Las Ceremonias de Egresados de las promociones 2010-2016 de los dobles grados en Derecho y Administraci\u00f3n y Direcci\u00f3n de Empresas y en Derecho y Finanzas y Contabilidad se celebraron ayer martes en la Universidad Pablo de Olavide, presididas por el decano de la Facultad de Ciencias Empresariales, Francisco Carrasco Fenech.<\/p>\n","protected":false},"author":4,"featured_media":0,"comment_status":"closed","ping_status":"open","sticky":false,"template":"","format":"standard","meta":{"_monsterinsights_skip_tracking":false,"_monsterinsights_sitenote_active":false,"_monsterinsights_sitenote_note":"","_monsterinsights_sitenote_category":0,"footnotes":""},"categories":[6],"tags":[597,2145,2353,1363],"class_list":["post-9604311","post","type-post","status-publish","format-standard","hentry","category-institucional","tag-ceremonias-de-egresados","tag-derecho-y-administracion-de-empresas","tag-derecho-y-finanzas-y-contabilidad","tag-dobles-grados"],"_links":{"self":[{"href":"https:\/\/www.upo.es\/diario\/wp-json\/wp\/v2\/posts\/9604311","targetHints":{"allow":["GET"]}}],"collection":[{"href":"https:\/\/www.upo.es\/diario\/wp-json\/wp\/v2\/posts"}],"about":[{"href":"https:\/\/www.upo.es\/diario\/wp-json\/wp\/v2\/types\/post"}],"author":[{"embeddable":true,"href":"https:\/\/www.upo.es\/diario\/wp-json\/wp\/v2\/users\/4"}],"replies":[{"embeddable":true,"href":"https:\/\/www.upo.es\/diario\/wp-json\/wp\/v2\/comments?post=9604311"}],"version-history":[{"count":3,"href":"https:\/\/www.upo.es\/diario\/wp-json\/wp\/v2\/posts\/9604311\/revisions"}],"predecessor-version":[{"id":9604315,"href":"https:\/\/www.upo.es\/diario\/wp-json\/wp\/v2\/posts\/9604311\/revisions\/9604315"}],"wp:attachment":[{"href":"https:\/\/www.upo.es\/diario\/wp-json\/wp\/v2\/media?parent=9604311"}],"wp:term":[{"taxonomy":"category","embeddable":true,"href":"https:\/\/www.upo.es\/diario\/wp-json\/wp\/v2\/categories?post=9604311"},{"taxonomy":"post_tag","embeddable":true,"href":"https:\/\/www.upo.es\/diario\/wp-json\/wp\/v2\/tags?post=9604311"}],"curies":[{"name":"wp","href":"https:\/\/api.w.org\/{rel}","templated":true}]}}