{"id":9605941,"date":"2015-05-07T05:55:47","date_gmt":"2015-05-07T05:55:47","guid":{"rendered":"https:\/\/www.upo.es\/diario\/?p=9605941"},"modified":"2015-05-07T06:26:34","modified_gmt":"2015-05-07T06:26:34","slug":"la-upo-y-la-mesa-del-tercer-sector-de-andalucia-organizan-manana-un-seminario-de-innovacion-social","status":"publish","type":"post","link":"https:\/\/www.upo.es\/diario\/institucional\/2015\/05\/la-upo-y-la-mesa-del-tercer-sector-de-andalucia-organizan-manana-un-seminario-de-innovacion-social\/","title":{"rendered":"La UPO y la Mesa del Tercer Sector de Andaluc\u00eda organizan hoy un seminario de innovaci\u00f3n social"},"content":{"rendered":"<p>Hoy jueves 7 de mayo, a las 9.30 horas en el Centro de Recursos Luis Braille de la ONCE, (Calle Campo de los M\u00e1rtires, 10) el experto en pol\u00edticas sociales <b><a href=\"http:\/\/fantova.net\/\">Fernando Fantova<\/a><\/b> impartir\u00e1 el seminario <b>\u201cInnovaci\u00f3n Social. \u00bfHacia d\u00f3nde?\u201d<\/b>, una actividad financiada por la Fundaci\u00f3n Cajasol y organizada por el Vicerrectorado de Estudiantes, Cultura y Compromiso Social de la Universidad Pablo de Olavide y la Mesa del Tercer Sector de Andaluc\u00eda, en el marco de la Iniciativa Bit\u00e1cula.<\/p>\n<p><b>Iniciativa Bit\u00e1cula<\/b> es un programa que pretende reforzar las conexiones entre Universidad, organizaciones del Tercer Sector y otros actores p\u00fablicos comprometidos con la justicia social y la lucha contra la pobreza. La Universidad Pablo de Olavide se uni\u00f3 a esta iniciativa en septiembre de 2013 para la puesta en marcha de acciones encaminadas a trabajar por la mejora de las condiciones de vida de la sociedad, el desarrollo social y la cohesi\u00f3n social, prestando inter\u00e9s a aquellas personas, colectivos y territorios m\u00e1s desfavorecidos. As\u00ed, ambas entidades han puesto en marcha de manera conjunta acciones formativas, l\u00edneas de investigaci\u00f3n o el fomento de la participaci\u00f3n entre los miembros de la comunidad universitaria y las entidades que forman parte del tercer sector.<\/p>\n<p>Este seminario, el primero de tres encuentros que se celebrar\u00e1n a lo largo del a\u00f1o 2015, se enmarca en la l\u00ednea de trabajo Bit\u00e1cula-Banco de Saberes como espacio dedicado al an\u00e1lisis y reflexi\u00f3n conjunta de dirigentes y expertos de entidades del tercer sector, docentes, investigadores y agentes con responsabilidad en el dise\u00f1o y gesti\u00f3n de pol\u00edticas sociales. Los organizadores pretenden con este proyecto contribuir a la b\u00fasqueda de respuestas, orientaciones y criterios de acci\u00f3n que permitan un mejor abordaje de las pol\u00edticas e intervenciones sociales.<\/p>\n<p><b>Fernando Fantova<\/b> es autor de diversos libros sobre tercer sector y pol\u00edtica social, as\u00ed como de art\u00edculos en las revistas de intervenci\u00f3n social m\u00e1s prestigiosas de este \u00e1mbito. Recientemente ha publicado el libro \u201cDise\u00f1o de Pol\u00edticas Sociales\u201d (Editorial CCS, 2015).<\/p>\n<p>La Mesa del Tercer Sector de Andaluc\u00eda, constituida en julio de 2012, est\u00e1 integrada por seis destacadas organizaciones de car\u00e1cter social, la <a href=\"http:\/\/www.voluntariadoandaluz.org\/\">Plataforma Andaluza del Voluntariado<\/a>, la <a href=\"http:\/\/www.eapn-andalucia.org\/\">Red Andaluza de Lucha contra la Pobreza y la Exclusi\u00f3n Social<\/a>, el <a href=\"http:\/\/cermiandalucia.es\/\">CERMI-A<\/a>, <a href=\"http:\/\/www.cruzroja.es\/portada\/\">Cruz Roja<\/a>, <a href=\"http:\/\/www.caritas.es\/\">C\u00e1ritas<\/a> y la <a href=\"http:\/\/www.once.es\/new\">ONCE<\/a>.<\/p>\n<p align=\"center\"><b>\u00a0<\/b><\/p>\n","protected":false},"excerpt":{"rendered":"<p>Hoy jueves 7 de mayo, a las 9.30 horas en el Centro de Recursos Luis Braille de la ONCE, (Calle Campo de los M\u00e1rtires, 10) el experto en pol\u00edticas sociales Fernando Fantova impartir\u00e1 el seminario \u201cInnovaci\u00f3n Social. \u00bfHacia d\u00f3nde?\u201d, una actividad financiada por la Fundaci\u00f3n Cajasol y organizada por el Vicerrectorado de Estudiantes, Cultura y Compromiso Social de la Universidad Pablo de Olavide y la Mesa del Tercer Sector de Andaluc\u00eda, en el marco de la Iniciativa Bit\u00e1cula. <\/p>\n","protected":false},"author":2,"featured_media":0,"comment_status":"closed","ping_status":"open","sticky":false,"template":"","format":"standard","meta":{"_monsterinsights_skip_tracking":false,"_monsterinsights_sitenote_active":false,"_monsterinsights_sitenote_note":"","_monsterinsights_sitenote_category":0,"footnotes":""},"categories":[6],"tags":[2358,2359,2357,2360,78],"class_list":["post-9605941","post","type-post","status-publish","format-standard","hentry","category-institucional","tag-iniciativa-bitacula","tag-innovacion-social","tag-mesa-del-tercer-sector","tag-politicas-sociales","tag-seminario"],"_links":{"self":[{"href":"https:\/\/www.upo.es\/diario\/wp-json\/wp\/v2\/posts\/9605941","targetHints":{"allow":["GET"]}}],"collection":[{"href":"https:\/\/www.upo.es\/diario\/wp-json\/wp\/v2\/posts"}],"about":[{"href":"https:\/\/www.upo.es\/diario\/wp-json\/wp\/v2\/types\/post"}],"author":[{"embeddable":true,"href":"https:\/\/www.upo.es\/diario\/wp-json\/wp\/v2\/users\/2"}],"replies":[{"embeddable":true,"href":"https:\/\/www.upo.es\/diario\/wp-json\/wp\/v2\/comments?post=9605941"}],"version-history":[{"count":4,"href":"https:\/\/www.upo.es\/diario\/wp-json\/wp\/v2\/posts\/9605941\/revisions"}],"predecessor-version":[{"id":9609880,"href":"https:\/\/www.upo.es\/diario\/wp-json\/wp\/v2\/posts\/9605941\/revisions\/9609880"}],"wp:attachment":[{"href":"https:\/\/www.upo.es\/diario\/wp-json\/wp\/v2\/media?parent=9605941"}],"wp:term":[{"taxonomy":"category","embeddable":true,"href":"https:\/\/www.upo.es\/diario\/wp-json\/wp\/v2\/categories?post=9605941"},{"taxonomy":"post_tag","embeddable":true,"href":"https:\/\/www.upo.es\/diario\/wp-json\/wp\/v2\/tags?post=9605941"}],"curies":[{"name":"wp","href":"https:\/\/api.w.org\/{rel}","templated":true}]}}