{"id":9605943,"date":"2015-05-07T05:50:24","date_gmt":"2015-05-07T05:50:24","guid":{"rendered":"https:\/\/www.upo.es\/diario\/?p=9605943"},"modified":"2015-05-07T06:25:43","modified_gmt":"2015-05-07T06:25:43","slug":"la-upo-acoge-manana-unas-jornadas-sobre-las-ventajas-y-riesgos-de-la-migracion-en-aves","status":"publish","type":"post","link":"https:\/\/www.upo.es\/diario\/institucional\/2015\/05\/la-upo-acoge-manana-unas-jornadas-sobre-las-ventajas-y-riesgos-de-la-migracion-en-aves\/","title":{"rendered":"La UPO acoge hoy unas jornadas sobre las ventajas y riesgos de la migraci\u00f3n en aves"},"content":{"rendered":"<p><a href=\"https:\/\/www.upo.es\/diario\/wp-content\/uploads\/2015\/05\/jmigracionaves.jpg\"><img loading=\"lazy\" decoding=\"async\" class=\"alignright size-medium wp-image-9605944\" alt=\"jmigracionaves\" src=\"https:\/\/www.upo.es\/diario\/wp-content\/uploads\/2015\/05\/jmigracionaves-320x197.jpg\" width=\"320\" height=\"197\" srcset=\"https:\/\/www.upo.es\/diario\/wp-content\/uploads\/2015\/05\/jmigracionaves-320x197.jpg 320w, https:\/\/www.upo.es\/diario\/wp-content\/uploads\/2015\/05\/jmigracionaves-600x369.jpg 600w, https:\/\/www.upo.es\/diario\/wp-content\/uploads\/2015\/05\/jmigracionaves.jpg 800w\" sizes=\"auto, (max-width: 320px) 100vw, 320px\" \/><\/a>La <a href=\"http:\/\/www.upo.es\/portal\/impe\/web\/portada\">Universidad Pablo de Olavide<\/a> acoge <span style=\"text-decoration: underline;\">hoy \u00a0jueves 7 de mayo, a las 10:00 horas en el sal\u00f3n de grados 2 de la Biblioteca<\/span>, las jornadas <b><a href=\"http:\/\/www.seo.org\/agendapage\/?id=936\">\u201c\u00bfQuedarse o irse? Esa es la cuesti\u00f3n\u201d<\/a><\/b>, un encuentro organizado por <a href=\"http:\/\/www.seo.org\/\">SEO\/BirdLife<\/a>, en colaboraci\u00f3n con la Facultad de Ciencias Experimentales de la UPO y <a href=\"http:\/\/www.upo.es\/ceicambio\/\">CEI CamBio<\/a>, que analizar\u00e1 las implicaciones que conlleva el proceso migratorio en las aves y que se celebra con motivo del <a href=\"http:\/\/www.worldmigratorybirdday.org\/sp\">D\u00eda Mundial de las Aves Migratorias<\/a>.<\/p>\n<p>Las jornadas ser\u00e1n inauguradas a las 10:00 horas por Francisco Javier Escalera Reyes, director de CEI CamBio, y ser\u00e1n impartidas por Jes\u00fas Fern\u00e1ndez Mej\u00edas, miembro del Grupo Ornitol\u00f3gico del Sur (<a href=\"http:\/\/www.gosur.net\/\">GOSUR<\/a>), y Jes\u00fas Pinilla, t\u00e9cnico de la Delegaci\u00f3n Territorial de Andaluc\u00eda de SEO\/BirdLife, quienes abordar\u00e1n algunas ideas que permitan aclarar bajo qu\u00e9 circunstancias la migraci\u00f3n es una estrategia m\u00e1s beneficiosa que el sedentarismo en las aves. Como explican estos expertos, las estrategias que desarrollan las diferentes especies para incrementar sus tasas reproductora y de supervivencia incluyen diferentes patrones de desplazamientos. En el caso de las aves, el rango de movimientos va desde especies que regentan un territorio a lo largo de todo el a\u00f1o y aquellas que realizan desplazamientos anuales de miles de kil\u00f3metros entre las \u00e1reas de reproducci\u00f3n y las de invernada.<\/p>\n<p>El <b>D\u00eda Mundial de las Aves Migratorias<\/b> es una campa\u00f1a de sensibilizaci\u00f3n que se celebra anualmente el segundo fin de semana del mes de mayo y que tiene como objetivo inspirar la conservaci\u00f3n en todo el mundo tanto de las aves migratorias como de sus h\u00e1bitats. Esta campa\u00f1a est\u00e1 organizada en el marco de dos tratados internacionales sobre la fauna silvestre administrados por el\u00a0<em>Programa de las Naciones Unidas para el Medio Ambiente<\/em>\u00a0(<a href=\"http:\/\/www.pnuma.org\/\" target=\"_blank\">PNUMA<\/a>), la\u00a0<em>Convenci\u00f3n sobre la Conservaci\u00f3n de las Especies Migratorias de Animales Silvestres<\/em>\u00a0(<a href=\"http:\/\/www.cms.int\/es\" target=\"_blank\">CMS<\/a>) y el\u00a0<em>Acuerdo sobre la conservaci\u00f3n de las aves acu\u00e1ticas migratorias de \u00c1frica y Eurasia<\/em>\u00a0(<a href=\"http:\/\/www.unep-aewa.org\/\" target=\"_blank\">AEWA<\/a>).<\/p>\n<p><b>CEI CamBio<\/b> es un proyecto centrado en el desarrollo de la investigaci\u00f3n relacionada con el cambio global y sus repercusiones, tanto ecol\u00f3gicas como socioecon\u00f3micas, en el que participan las universidades de Almer\u00eda, C\u00e1diz, C\u00f3rdoba, Huelva, Internacional de Andaluc\u00eda, Ja\u00e9n y el CSIC, bajo la coordinaci\u00f3n de la Universidad Pablo de Olavide. Esta alianza de conocimiento andaluz busca convertirse en un referente internacional en medio ambiente, biodiversidad y cambio global, contando con Andaluc\u00eda como espacio de frontera con excepcionales condiciones para el estudio de los ecosistemas y con una prestigiosa comunidad investigadora andaluza.<\/p>\n","protected":false},"excerpt":{"rendered":"<p>\tLa Universidad Pablo de Olavide acoge hoy jueves 7 de mayo, a las 10:00 horas en el sal\u00f3n de grados 2 de la Biblioteca, las jornadas \u201c\u00bfQuedarse o irse? Esa es la cuesti\u00f3n\u201d, un encuentro organizado por SEO\/BirdLife, en colaboraci\u00f3n con la Facultad de Ciencias Experimentales de la UPO y CEI CamBio, que analizar\u00e1 las implicaciones que conlleva el proceso migratorio en las aves y que se celebra con motivo del D\u00eda Mundial de las Aves Migratorias. <\/p>\n","protected":false},"author":2,"featured_media":0,"comment_status":"closed","ping_status":"open","sticky":false,"template":"","format":"standard","meta":{"_monsterinsights_skip_tracking":false,"_monsterinsights_sitenote_active":false,"_monsterinsights_sitenote_note":"","_monsterinsights_sitenote_category":0,"footnotes":""},"categories":[6],"tags":[2067,84,1284,2066],"class_list":["post-9605943","post","type-post","status-publish","format-standard","hentry","category-institucional","tag-aves","tag-jornadas","tag-migracion","tag-seobirdlife"],"_links":{"self":[{"href":"https:\/\/www.upo.es\/diario\/wp-json\/wp\/v2\/posts\/9605943","targetHints":{"allow":["GET"]}}],"collection":[{"href":"https:\/\/www.upo.es\/diario\/wp-json\/wp\/v2\/posts"}],"about":[{"href":"https:\/\/www.upo.es\/diario\/wp-json\/wp\/v2\/types\/post"}],"author":[{"embeddable":true,"href":"https:\/\/www.upo.es\/diario\/wp-json\/wp\/v2\/users\/2"}],"replies":[{"embeddable":true,"href":"https:\/\/www.upo.es\/diario\/wp-json\/wp\/v2\/comments?post=9605943"}],"version-history":[{"count":4,"href":"https:\/\/www.upo.es\/diario\/wp-json\/wp\/v2\/posts\/9605943\/revisions"}],"predecessor-version":[{"id":9609878,"href":"https:\/\/www.upo.es\/diario\/wp-json\/wp\/v2\/posts\/9605943\/revisions\/9609878"}],"wp:attachment":[{"href":"https:\/\/www.upo.es\/diario\/wp-json\/wp\/v2\/media?parent=9605943"}],"wp:term":[{"taxonomy":"category","embeddable":true,"href":"https:\/\/www.upo.es\/diario\/wp-json\/wp\/v2\/categories?post=9605943"},{"taxonomy":"post_tag","embeddable":true,"href":"https:\/\/www.upo.es\/diario\/wp-json\/wp\/v2\/tags?post=9605943"}],"curies":[{"name":"wp","href":"https:\/\/api.w.org\/{rel}","templated":true}]}}