{"id":9605947,"date":"2015-05-07T06:00:45","date_gmt":"2015-05-07T06:00:45","guid":{"rendered":"https:\/\/www.upo.es\/diario\/?p=9605947"},"modified":"2015-05-07T11:15:24","modified_gmt":"2015-05-07T11:15:24","slug":"la-universidad-pablo-de-olavide-participa-en-la-feria-de-la-ciencia-que-se-celebra-desde-manana-en-sevilla","status":"publish","type":"post","link":"https:\/\/www.upo.es\/diario\/ciencia\/2015\/05\/la-universidad-pablo-de-olavide-participa-en-la-feria-de-la-ciencia-que-se-celebra-desde-manana-en-sevilla\/","title":{"rendered":"La Universidad Pablo de Olavide participa en la Feria de la Ciencia que se celebra desde hoy en Sevilla"},"content":{"rendered":"<figure id=\"attachment_9611056\" aria-describedby=\"caption-attachment-9611056\" style=\"width: 320px\" class=\"wp-caption alignright\"><a href=\"https:\/\/www.upo.es\/diario\/wp-content\/uploads\/2015\/05\/IMG_1241.jpg\"><img loading=\"lazy\" decoding=\"async\" class=\"size-medium wp-image-9611056\" alt=\"La UPO cuenta con un stand \" src=\"https:\/\/www.upo.es\/diario\/wp-content\/uploads\/2015\/05\/IMG_1241-320x320.jpg\" width=\"320\" height=\"320\" srcset=\"https:\/\/www.upo.es\/diario\/wp-content\/uploads\/2015\/05\/IMG_1241-320x320.jpg 320w, https:\/\/www.upo.es\/diario\/wp-content\/uploads\/2015\/05\/IMG_1241-150x150.jpg 150w, https:\/\/www.upo.es\/diario\/wp-content\/uploads\/2015\/05\/IMG_1241-600x600.jpg 600w, https:\/\/www.upo.es\/diario\/wp-content\/uploads\/2015\/05\/IMG_1241.jpg 640w\" sizes=\"auto, (max-width: 320px) 100vw, 320px\" \/><\/a><figcaption id=\"caption-attachment-9611056\" class=\"wp-caption-text\">La UPO cuenta con un stand<\/figcaption><\/figure>\n<p>La Universidad Pablo de Olavide participa en la <strong>13\u00aa Feria de la Ciencia<\/strong> que se celebra\u00a0<strong>desde hoy jueves 7 de mayo hasta el s\u00e1bado 9 en el Palacio de Exposiciones y Congresos de Sevilla (FIBES)<\/strong>, con un stand coordinado por el Vicerrectorado de Investigaci\u00f3n y Transferencia de Tecnolog\u00eda, a trav\u00e9s de su Oficina de Transferencia de Resultados de Investigaci\u00f3n (OTRI).<\/p>\n<p>La UPO cuenta con un stand propio donde investigadores, profesores y alumnos de la de las Facultades de Ciencias Experimentales, Ciencias del Deporte, Ciencias Sociales, la Escuela Polit\u00e9cnica Superior, la residencia universitaria Flora Trist\u00e1n y del Centro Andaluz de Biolog\u00eda del Desarrollo (CABD), transmitir\u00e1n a los visitantes su pasi\u00f3n por el conocimiento, a trav\u00e9s de talleres de muy diverso contenido, demostraciones cient\u00edficas, actividades de investigaci\u00f3n social, juegos, p\u00f3steres, programa de radio, etc. As\u00ed, de forma din\u00e1mica y divertida, mostrar\u00e1n c\u00f3mo las ciencia est\u00e1 presente en nuestra vida.<\/p>\n<p>La Feria de la Ciencia es un <strong>espacio que permite el intercambio, la divulgaci\u00f3n y la comunicaci\u00f3n de conocimientos cient\u00edficos<\/strong> en la que los actores divulgadores son los alumnos de institutos y colegios que voluntariamente participan, el profesorado de las universidades y el personal investigador de los centros de investigaci\u00f3n, empresas as\u00ed como museos y centros de divulgaci\u00f3n cient\u00edfica. La Feria de la Ciencia est\u00e1 organizada por la Sociedad Andaluza para la Divulgaci\u00f3n de la Ciencia, una asociaci\u00f3n sin \u00e1nimo de lucro constituida en el a\u00f1o 2002, formada por m\u00e1s de 200 profesores de todos los niveles del sistema educativo y de las universidades y de los centros de investigaci\u00f3n. Tambi\u00e9n cuenta con la colaboraci\u00f3n de la Fundaci\u00f3n Descubre, Fundaci\u00f3n andaluza para la divulgaci\u00f3n de la innovaci\u00f3n y el conocimiento.<\/p>\n<p>El horario de la Feria de la Ciencia es de 10 a 19 horas ma\u00f1ana jueves y el viernes (con entrada hasta las 18.30 horas) y de 11 a 20 horas el s\u00e1bado (con entrada hasta las 19.30 horas).<\/p>\n<p>&nbsp;<\/p>\n","protected":false},"excerpt":{"rendered":"<p>La Universidad Pablo de Olavide participa en la 13\u00aa Feria de la Ciencia que se celebra desde hoy jueves 7 de mayo hasta el s\u00e1bado 9 en el Palacio de Exposiciones y Congresos de Sevilla (FIBES), con un stand coordinado por el Vicerrectorado de Investigaci\u00f3n y Transferencia de Tecnolog\u00eda, a trav\u00e9s de su Oficina de Transferencia de Resultados de Investigaci\u00f3n (OTRI). <\/p>\n","protected":false},"author":6,"featured_media":0,"comment_status":"closed","ping_status":"open","sticky":false,"template":"","format":"standard","meta":{"_monsterinsights_skip_tracking":false,"_monsterinsights_sitenote_active":false,"_monsterinsights_sitenote_note":"","_monsterinsights_sitenote_category":0,"footnotes":""},"categories":[3],"tags":[43,970,152,122,487,379,734,83,55,549,1481],"class_list":["post-9605947","post","type-post","status-publish","format-standard","hentry","category-ciencia","tag-cabd","tag-divulgacion","tag-escuela-politecnica-superior","tag-facultad-ciencias-experimentales","tag-facultad-ciencias-sociales","tag-facultad-del-deporte","tag-investigadores","tag-otri","tag-ru-flora-tristan","tag-talleres","tag-vicerrectorado-de-investigacion-y-transferencia-tecnologica"],"_links":{"self":[{"href":"https:\/\/www.upo.es\/diario\/wp-json\/wp\/v2\/posts\/9605947","targetHints":{"allow":["GET"]}}],"collection":[{"href":"https:\/\/www.upo.es\/diario\/wp-json\/wp\/v2\/posts"}],"about":[{"href":"https:\/\/www.upo.es\/diario\/wp-json\/wp\/v2\/types\/post"}],"author":[{"embeddable":true,"href":"https:\/\/www.upo.es\/diario\/wp-json\/wp\/v2\/users\/6"}],"replies":[{"embeddable":true,"href":"https:\/\/www.upo.es\/diario\/wp-json\/wp\/v2\/comments?post=9605947"}],"version-history":[{"count":7,"href":"https:\/\/www.upo.es\/diario\/wp-json\/wp\/v2\/posts\/9605947\/revisions"}],"predecessor-version":[{"id":9611059,"href":"https:\/\/www.upo.es\/diario\/wp-json\/wp\/v2\/posts\/9605947\/revisions\/9611059"}],"wp:attachment":[{"href":"https:\/\/www.upo.es\/diario\/wp-json\/wp\/v2\/media?parent=9605947"}],"wp:term":[{"taxonomy":"category","embeddable":true,"href":"https:\/\/www.upo.es\/diario\/wp-json\/wp\/v2\/categories?post=9605947"},{"taxonomy":"post_tag","embeddable":true,"href":"https:\/\/www.upo.es\/diario\/wp-json\/wp\/v2\/tags?post=9605947"}],"curies":[{"name":"wp","href":"https:\/\/api.w.org\/{rel}","templated":true}]}}