{"id":9611305,"date":"2015-05-07T12:23:19","date_gmt":"2015-05-07T12:23:19","guid":{"rendered":"https:\/\/www.upo.es\/diario\/?p=9611305"},"modified":"2015-05-07T13:35:06","modified_gmt":"2015-05-07T13:35:06","slug":"mas-de-1-600-alumnos-de-4o-de-eso-de-29-centros-sevillanos-han-visitado-la-upo-en-las-jornadas-de-puertas-abiertas","status":"publish","type":"post","link":"https:\/\/www.upo.es\/diario\/institucional\/2015\/05\/mas-de-1-600-alumnos-de-4o-de-eso-de-29-centros-sevillanos-han-visitado-la-upo-en-las-jornadas-de-puertas-abiertas\/","title":{"rendered":"M\u00e1s de 1.600 alumnos de 4\u00ba de ESO de 29 centros sevillanos han visitado la UPO en las Jornadas de Puertas Abiertas"},"content":{"rendered":"<div>\n<figure id=\"attachment_9611306\" aria-describedby=\"caption-attachment-9611306\" style=\"width: 600px\" class=\"wp-caption aligncenter\"><a href=\"https:\/\/www.upo.es\/diario\/wp-content\/uploads\/2015\/05\/jpuertasabiertas4eso.jpg\"><img loading=\"lazy\" decoding=\"async\" class=\"size-large wp-image-9611306\" alt=\"Los estudiantes han conocido la oferta de estudios y las instalaciones de la Universidad Pablo de Olavide \" src=\"https:\/\/www.upo.es\/diario\/wp-content\/uploads\/2015\/05\/jpuertasabiertas4eso-600x400.jpg\" width=\"600\" height=\"400\" srcset=\"https:\/\/www.upo.es\/diario\/wp-content\/uploads\/2015\/05\/jpuertasabiertas4eso-600x400.jpg 600w, https:\/\/www.upo.es\/diario\/wp-content\/uploads\/2015\/05\/jpuertasabiertas4eso-320x213.jpg 320w\" sizes=\"auto, (max-width: 600px) 100vw, 600px\" \/><\/a><figcaption id=\"caption-attachment-9611306\" class=\"wp-caption-text\">Los estudiantes han conocido la oferta de estudios y las instalaciones de la Universidad Pablo de Olavide.<\/figcaption><\/figure>\n<p>M\u00e1s de 1.600 alumnos de 4\u00ba de ESO de los 29 institutos y centros de educaci\u00f3n secundaria de Sevilla y provincia han visitado el 6 y el 7 de mayo la Universidad Pablo de Olavide en sus <b>Jornadas de Puertas Abiertas.<\/b><\/p>\n<\/div>\n<div>\n<p>En estas jornadas, organizadas por el \u00c1rea de Gesti\u00f3n Administrativa de Asistencia al Estudiante de Grado a trav\u00e9s de la Direcci\u00f3n General de Acceso, Difusi\u00f3n y Captaci\u00f3n, perteneciente al Vicerrectorado de Estudiantes, Cultura y Compromiso Social, la UPO muestra a estos estudiantes qu\u00e9 es la Universidad y les informa y orienta sobre la oferta de estudios de la Olavide.<\/p>\n<figure id=\"attachment_9611307\" aria-describedby=\"caption-attachment-9611307\" style=\"width: 320px\" class=\"wp-caption alignright\"><a href=\"https:\/\/www.upo.es\/diario\/wp-content\/uploads\/2015\/05\/jpuertasabiertas4eso5.jpg\"><img loading=\"lazy\" decoding=\"async\" class=\"size-medium wp-image-9611307\" alt=\"Mercedes de la Torre, directora general de Acceso, Difusi\u00f3n y Captaci\u00f3n de la UPO, y Miguel \u00c1ngel Morales Cevidanes, director del \u00c1rea de Gesti\u00f3n Administrativa de Asistencia al Estudiante de Grado, han recibido hoy en el Paraninfo a los alumnos de 4\u00ba de ESO. \" src=\"https:\/\/www.upo.es\/diario\/wp-content\/uploads\/2015\/05\/jpuertasabiertas4eso5-320x213.jpg\" width=\"320\" height=\"213\" srcset=\"https:\/\/www.upo.es\/diario\/wp-content\/uploads\/2015\/05\/jpuertasabiertas4eso5-320x213.jpg 320w, https:\/\/www.upo.es\/diario\/wp-content\/uploads\/2015\/05\/jpuertasabiertas4eso5-600x399.jpg 600w\" sizes=\"auto, (max-width: 320px) 100vw, 320px\" \/><\/a><figcaption id=\"caption-attachment-9611307\" class=\"wp-caption-text\">Mercedes de la Torre, directora general de Acceso, Difusi\u00f3n y Captaci\u00f3n de la UPO, y Miguel \u00c1ngel Morales Cevidanes, director del \u00c1rea de Gesti\u00f3n Administrativa de Asistencia al Estudiante de Grado, han recibido hoy en el Paraninfo a los alumnos de 4\u00ba de ESO.<\/figcaption><\/figure>\n<p>Para dar a conocer sus instalaciones y las posibilidades que \u00e9stas brindan para su formaci\u00f3n, la Universidad Pablo de Olavide ha dise\u00f1ado un ameno programa de actividades que comprende una presentaci\u00f3n global de esta universidad; simulaci\u00f3n de un juicio que han realizado los miembros de la Asociaci\u00f3n de Estudiantes de Criminolog\u00eda de la Olavide; una representaci\u00f3n teatral del acto I de la obra \u201cEl Cartagin\u00e9s\u201d de Plauto a cargo de Furor Bacchicus Teatro, grupo de teatro grecolatino formado por estudiantes y profesores de la Facultad de Humanidades; paseo guiado por el campus, acompa\u00f1ados por estudiantes de la propia universidad p\u00fablica sevillana, y actividades deportivas y recreativas coordinadas por el profesor de la Facultad del Deporte Julio \u00c1ngel Herrador con la colaboraci\u00f3n de estudiantes de esta Facultad.<\/p>\n<p>Los alumnos de 4\u00ba de ESO proceden de los siguientes centros: CDP Santo \u00c1ngel de la Guarda, IES Murillo, IES Hermanos Machado, CDP Ntra Sra de Loreto, IES Triana, IES Mar\u00eda Galiana, IES Inmaculada Vieira, IES Bellavista, CDP San Hermenegildo, CDP Sta Joaquina de Vedruna, IES Prof. Tierno Galv\u00e1n, IES Torre del \u00c1guila, IES Guadalquivir, IES Galileo Galilei, IES Ostippo, IES Chaves Nogales, IES Azahar, CDP Sagrado Coraz\u00f3n Esclavas, IES Ruiz Gij\u00f3n, CDP Alberto Durero, IES Lauretum, IES Tartessos, CDP Ntra Sra de las Mercedes, CDP Sta Mar\u00eda del Valle, IES Gerena, IES Nicol\u00e1s Copernico, Centro Docente Mar\u00eda, IES Severo Ochoa e IES Pino Rueda.<\/p>\n<p>La Universidad Pablo de Olavide ofertar\u00e1 un total de 32 grados para el pr\u00f3ximo curso. Las titulaciones ofertadas son:<\/p>\n<p><strong>&#8211; Grados:<\/strong> Humanidades, Traducci\u00f3n e Interpretaci\u00f3n (Ingl\u00e9s, Franc\u00e9s y Alem\u00e1n), Geograf\u00eda e Historia, Derecho, Relaciones Laborales y Recursos Humanos, Ciencias Pol\u00edticas y de la Administraci\u00f3n, Administraci\u00f3n y Direcci\u00f3n de Empresas en espa\u00f1ol y en ingl\u00e9s, Finanzas y Contabilidad, Criminolog\u00eda, An\u00e1lisis Econ\u00f3mico, Trabajo Social, Educaci\u00f3n Social, Ciencias de la Actividad F\u00edsica y del Deporte, Sociolog\u00eda, Biotecnolog\u00eda, Ciencias Ambientales, Ingenier\u00eda Inform\u00e1tica en Sistemas de la Informaci\u00f3n y Nutrici\u00f3n Humana y Diet\u00e9tica.<\/p>\n<p><strong>&#8211; Dobles grados:<\/strong> Humanidades y Traducci\u00f3n e Interpretaci\u00f3n, Administraci\u00f3n y Direcci\u00f3n de Empresas y Derecho (en espa\u00f1ol y con ADE en ingl\u00e9s), Derecho y Finanzas y Contabilidad, Derecho y Ciencias Pol\u00edticas y de la Administraci\u00f3n, Derecho y Criminolog\u00eda, Derecho y Relaciones Laborales y Recursos Humanos, Ciencias Pol\u00edticas y de la Administraci\u00f3n y Sociolog\u00eda, Trabajo Social y Educaci\u00f3n Social, y Trabajo Social y Sociolog\u00eda.<\/p>\n<p><strong>&#8211; Doble grado internacional:<\/strong> Derecho y Bachelor of Laws por la Universidad de Bayreuth (Alemania) y la Universidad Pablo de Olavide.<\/p>\n<p>Por su parte, el <strong>centro adscrito de la UPO San Isidoro de Sevilla<\/strong> ofertar\u00e1 7 grados para el pr\u00f3ximo curso:<\/p>\n<p>&#8211; Grados: Comunicaci\u00f3n, Ciencias de la Actividad F\u00edsica y del Deporte, Derecho, y Comunicaci\u00f3n Digital, Administraci\u00f3n y Direcci\u00f3n de Empresas, y Fisioterapia (estos dos \u00faltimos pendiente de autorizaci\u00f3n por parte de la Junta de Andaluc\u00eda).<\/p>\n<p>&#8211; Dobles grados: Comunicaci\u00f3n y Comunicaci\u00f3n Digital.<\/p>\n<p>&nbsp;<\/p>\n<\/div>\n","protected":false},"excerpt":{"rendered":"<p>M\u00e1s de 1.600 alumnos de 4\u00ba de ESO de los 29 institutos y centros de educaci\u00f3n secundaria de Sevilla y provincia han visitado el 6 y el 7 de mayo la Universidad Pablo de Olavide en sus Jornadas de Puertas Abiertas. <\/p>\n","protected":false},"author":2,"featured_media":0,"comment_status":"closed","ping_status":"open","sticky":false,"template":"","format":"standard","meta":{"_monsterinsights_skip_tracking":false,"_monsterinsights_sitenote_active":false,"_monsterinsights_sitenote_note":"","_monsterinsights_sitenote_category":0,"footnotes":""},"categories":[6],"tags":[1381,21,84,376],"class_list":["post-9611305","post","type-post","status-publish","format-standard","hentry","category-institucional","tag-eso","tag-estudiantes","tag-jornadas","tag-puertas-abiertas"],"_links":{"self":[{"href":"https:\/\/www.upo.es\/diario\/wp-json\/wp\/v2\/posts\/9611305","targetHints":{"allow":["GET"]}}],"collection":[{"href":"https:\/\/www.upo.es\/diario\/wp-json\/wp\/v2\/posts"}],"about":[{"href":"https:\/\/www.upo.es\/diario\/wp-json\/wp\/v2\/types\/post"}],"author":[{"embeddable":true,"href":"https:\/\/www.upo.es\/diario\/wp-json\/wp\/v2\/users\/2"}],"replies":[{"embeddable":true,"href":"https:\/\/www.upo.es\/diario\/wp-json\/wp\/v2\/comments?post=9611305"}],"version-history":[{"count":3,"href":"https:\/\/www.upo.es\/diario\/wp-json\/wp\/v2\/posts\/9611305\/revisions"}],"predecessor-version":[{"id":9611551,"href":"https:\/\/www.upo.es\/diario\/wp-json\/wp\/v2\/posts\/9611305\/revisions\/9611551"}],"wp:attachment":[{"href":"https:\/\/www.upo.es\/diario\/wp-json\/wp\/v2\/media?parent=9611305"}],"wp:term":[{"taxonomy":"category","embeddable":true,"href":"https:\/\/www.upo.es\/diario\/wp-json\/wp\/v2\/categories?post=9611305"},{"taxonomy":"post_tag","embeddable":true,"href":"https:\/\/www.upo.es\/diario\/wp-json\/wp\/v2\/tags?post=9611305"}],"curies":[{"name":"wp","href":"https:\/\/api.w.org\/{rel}","templated":true}]}}