{"id":9633810,"date":"2015-05-11T10:46:19","date_gmt":"2015-05-11T10:46:19","guid":{"rendered":"https:\/\/www.upo.es\/diario\/?p=9633810"},"modified":"2015-05-13T12:53:24","modified_gmt":"2015-05-13T12:53:24","slug":"la-upo-acoge-desde-hoy-hasta-manana-el-congreso-de-trabajo-social-y-servicios-sociales-con-personas-mayores","status":"publish","type":"post","link":"https:\/\/www.upo.es\/diario\/institucional\/2015\/05\/la-upo-acoge-desde-hoy-hasta-manana-el-congreso-de-trabajo-social-y-servicios-sociales-con-personas-mayores\/","title":{"rendered":"La UPO acoge el Congreso de Trabajo Social y Servicios Sociales con Personas Mayores"},"content":{"rendered":"<figure id=\"attachment_9633719\" aria-describedby=\"caption-attachment-9633719\" style=\"width: 600px\" class=\"wp-caption aligncenter\"><a href=\"https:\/\/www.upo.es\/diario\/wp-content\/uploads\/2015\/05\/MG_6320.jpg\"><img loading=\"lazy\" decoding=\"async\" class=\"size-large wp-image-9633719 \" alt=\"De izquierda a derecha: Mar\u00eda Rosa Herrera,\u00a0Dolores de Pablo-Blanco, Rosa D\u00edaz, Jos\u00e9 Luis Sarasolay Jos\u00e9 Luis Malag\u00f3n Bernal\" src=\"https:\/\/www.upo.es\/diario\/wp-content\/uploads\/2015\/05\/MG_6320-600x400.jpg\" width=\"600\" height=\"400\" srcset=\"https:\/\/www.upo.es\/diario\/wp-content\/uploads\/2015\/05\/MG_6320-600x400.jpg 600w, https:\/\/www.upo.es\/diario\/wp-content\/uploads\/2015\/05\/MG_6320-320x213.jpg 320w\" sizes=\"auto, (max-width: 600px) 100vw, 600px\" \/><\/a><figcaption id=\"caption-attachment-9633719\" class=\"wp-caption-text\">De izquierda a derecha: Mar\u00eda Rosa Herrera,\u00a0Dolores de Pablo-Blanco, Rosa D\u00edaz, Jos\u00e9 Luis Sarasolay Jos\u00e9 Luis Malag\u00f3n Bernal<\/figcaption><\/figure>\n<p>La decana de la Facultad de Ciencias Sociales de la Universidad Pablo de Olavide de Sevilla, Rosa D\u00edaz, ha inaugurado esta ma\u00f1ana e<strong>l Congreso Trabajo Social y Servicios Sociales con Personas Mayores.<\/strong> La decana ha estado acompa\u00f1ada por Dolores de Pablo-Blanco, concejal delegada de Familia, Asuntos Sociales y Zonas de Especial Actuaci\u00f3n del Ayuntamiento de Sevilla; Rosa Mar\u00eda Herrera, directora del Departamento de Trabajo Social y Servicios Sociales de la UPO, y Jos\u00e9 Luis Sarasola, director del\u00a0 congreso y director del Master en\u00a0 Gerontolog\u00eda. Direcci\u00f3n\u00a0 y de Centros Gerontol\u00f3gicos.<\/p>\n<p>El Congreso Trabajo Social y Servicios Sociales con Personas Mayores, que se celebra hasta ma\u00f1ana martes en la UPO, es una experiencia de innovaci\u00f3n educativa impulsada por el Grupo de Investigaci\u00f3n PAIDI-SEJ-452 Trabajo Social y Pol\u00edticas Sociales\u00a0 y el\u00a0 M\u00e1ster de Gerontolog\u00eda de esta universidad.<\/p>\n<p>El congreso est\u00e1 estructurado en tres \u00e1mbitos: Servicios sociales para personas mayores; Intervenci\u00f3n del Trabajo Social con mayores, y Pol\u00edticas sociales gerontol\u00f3gicas. En el mismo se abordan temas relativos a\u00a0 servicios sociales como son los centros de d\u00eda, de participaci\u00f3n activa o centros residenciales de personas mayores; aspectos novedosos como los bancos del tiempo y el mayor o la terapia con mayores asistida con animales, o el duelo tras los fallecimientos de los seres queridos.<\/p>\n<p>Este simposio cuenta con el apoyo de la Delegaci\u00f3n de de\u00a0 Familia, Asuntos Sociales y Zonas de Especial Actuaci\u00f3n\u00a0 del Ayuntamiento de Sevilla, del Departamento de Trabajo Social y Servicios Sociales y de la Facultad de Ciencias Sociales de la Universidad Pablo de Olavide.<\/p>\n","protected":false},"excerpt":{"rendered":"<p>La decana de la Facultad de Ciencias Sociales de la Universidad Pablo de Olavide de Sevilla, Rosa D\u00edaz, ha inaugurado esta ma\u00f1ana el Congreso Trabajo Social y Servicios Sociales con Personas Mayores. La decana ha estado acompa\u00f1ada por Dolores de Pablo-Blanco, concejal delegada de Familia, Asuntos Sociales y Zonas de Especial Actuaci\u00f3n del Ayuntamiento de Sevilla; Rosa Mar\u00eda Herrera, directora del Departamento de Trabajo Social y Servicios Sociales de la UPO, y Jos\u00e9 Luis Sarasola, director del  congreso y director del Master en  Gerontolog\u00eda. Direcci\u00f3n  y de Centros Gerontol\u00f3gicos.<\/p>\n","protected":false},"author":10,"featured_media":0,"comment_status":"closed","ping_status":"open","sticky":false,"template":"","format":"standard","meta":{"_monsterinsights_skip_tracking":false,"_monsterinsights_sitenote_active":false,"_monsterinsights_sitenote_note":"","_monsterinsights_sitenote_category":0,"footnotes":""},"categories":[6],"tags":[354,2160,103],"class_list":["post-9633810","post","type-post","status-publish","format-standard","hentry","category-institucional","tag-congreso","tag-personas-mayores","tag-trabajo-social"],"_links":{"self":[{"href":"https:\/\/www.upo.es\/diario\/wp-json\/wp\/v2\/posts\/9633810","targetHints":{"allow":["GET"]}}],"collection":[{"href":"https:\/\/www.upo.es\/diario\/wp-json\/wp\/v2\/posts"}],"about":[{"href":"https:\/\/www.upo.es\/diario\/wp-json\/wp\/v2\/types\/post"}],"author":[{"embeddable":true,"href":"https:\/\/www.upo.es\/diario\/wp-json\/wp\/v2\/users\/10"}],"replies":[{"embeddable":true,"href":"https:\/\/www.upo.es\/diario\/wp-json\/wp\/v2\/comments?post=9633810"}],"version-history":[{"count":11,"href":"https:\/\/www.upo.es\/diario\/wp-json\/wp\/v2\/posts\/9633810\/revisions"}],"predecessor-version":[{"id":9633813,"href":"https:\/\/www.upo.es\/diario\/wp-json\/wp\/v2\/posts\/9633810\/revisions\/9633813"}],"wp:attachment":[{"href":"https:\/\/www.upo.es\/diario\/wp-json\/wp\/v2\/media?parent=9633810"}],"wp:term":[{"taxonomy":"category","embeddable":true,"href":"https:\/\/www.upo.es\/diario\/wp-json\/wp\/v2\/categories?post=9633810"},{"taxonomy":"post_tag","embeddable":true,"href":"https:\/\/www.upo.es\/diario\/wp-json\/wp\/v2\/tags?post=9633810"}],"curies":[{"name":"wp","href":"https:\/\/api.w.org\/{rel}","templated":true}]}}