{"id":9634062,"date":"2015-05-12T05:50:37","date_gmt":"2015-05-12T05:50:37","guid":{"rendered":"https:\/\/www.upo.es\/diario\/?p=9634062"},"modified":"2015-05-12T06:18:47","modified_gmt":"2015-05-12T06:18:47","slug":"la-upo-acoge-un-curso-sobre-las-identidades-masculinas-y-su-construccion-social","status":"publish","type":"post","link":"https:\/\/www.upo.es\/diario\/institucional\/2015\/05\/la-upo-acoge-un-curso-sobre-las-identidades-masculinas-y-su-construccion-social\/","title":{"rendered":"La UPO acoge un curso sobre las identidades masculinas y su construcci\u00f3n social"},"content":{"rendered":"<p><a href=\"https:\/\/www.upo.es\/diario\/wp-content\/uploads\/2015\/05\/cumasculinidades.jpg\"><img loading=\"lazy\" decoding=\"async\" class=\"alignright size-medium wp-image-9634065\" alt=\"cumasculinidades\" src=\"https:\/\/www.upo.es\/diario\/wp-content\/uploads\/2015\/05\/cumasculinidades-240x320.jpg\" width=\"240\" height=\"320\" srcset=\"https:\/\/www.upo.es\/diario\/wp-content\/uploads\/2015\/05\/cumasculinidades-240x320.jpg 240w, https:\/\/www.upo.es\/diario\/wp-content\/uploads\/2015\/05\/cumasculinidades-450x600.jpg 450w, https:\/\/www.upo.es\/diario\/wp-content\/uploads\/2015\/05\/cumasculinidades-600x800.jpg 600w, https:\/\/www.upo.es\/diario\/wp-content\/uploads\/2015\/05\/cumasculinidades.jpg 720w\" sizes=\"auto, (max-width: 240px) 100vw, 240px\" \/><\/a>La <a href=\"http:\/\/www.upo.es\/portal\/impe\/web\/portada\">Universidad Pablo de Olavide<\/a> acoge del 12 al 14 de mayo el curso \u201cMasculinidades: claves para la intervenci\u00f3n con hombres desde una perspectiva de g\u00e9nero e interculturalidad\u201d, organizado por la <a href=\"http:\/\/cepaim.org\/\">Fundaci\u00f3n Cepaim Convivencia y Cohesi\u00f3n Social<\/a> con la colaboraci\u00f3n de la <a href=\"http:\/\/www.upo.es\/upsc\/igualdad\/\">Oficina para la Igualdad<\/a>, perteneciente al <a href=\"http:\/\/www.upo.es\/rectorado\/vicerrectorado\/part_social\/index.jsp\">Vicerrectorado de Estudiantes, Cultura y Compromiso Social<\/a> de esta universidad.<\/p>\n<p>El curso ser\u00e1 inaugurado hoy martes 12 de mayo, a las 9:30 horas en el aula B-09 del edificio 45 de la UPO, por Germ\u00e1n Jara\u00edz Arroyo, director general de Programaci\u00f3n Social y Cultural de la Olavide; Javier P\u00e9rez Cepero, coordinador auton\u00f3mico de la Fundaci\u00f3n Cepaim; y Roc\u00edo Mateo Medina, coordinadora de centro en Sevilla de la Fundaci\u00f3n Cepaim.<\/p>\n<p>A trav\u00e9s de talleres, conferencias y mesas redondas, este curso pretende facilitar un conocimiento adecuado que permita analizar desde una perspectiva de g\u00e9nero las identidades masculinas y su construcci\u00f3n social, as\u00ed como conocer experiencias de trabajo basadas en modelos cooperativos y participativos, contactos y compa\u00f1eros futuros con quien trabajar y cooperar .<\/p>\n<p>Este curso est\u00e1 dirigido a equipos profesionales, voluntariado, personal t\u00e9cnico, agentes sociales, personal de la administraci\u00f3n publica, estudiantes en general, y a la Comunidad Universitaria de la Universidad Pablo de Olavide (estudiantes, PDI y PAS), que desde diferentes \u00e1mbitos de competencia y responsabilidad se ocupan de sensibilizar y facilitar la igualdad de g\u00e9nero.<\/p>\n<p><a href=\"http:\/\/cepaim.org\/wp-content\/uploads\/2015\/04\/Programa-masculinidades-claves-para-la-intervencion-con-hombres-desde-la-perspectiva-de-genero-e-interculturalidad.pdf\">PROGRAMA<\/a><\/p>\n","protected":false},"excerpt":{"rendered":"<p>\tLa Universidad Pablo de Olavide acoge del 12 al 14 de mayo el curso \u201cMasculinidades: claves para la intervenci\u00f3n con hombres desde una perspectiva de g\u00e9nero e interculturalidad\u201d, organizado por la Fundaci\u00f3n Cepaim Convivencia y Cohesi\u00f3n Social con la colaboraci\u00f3n de la Oficina para la Igualdad, perteneciente al Vicerrectorado de Estudiantes, Cultura y Compromiso Social de esta universidad. <\/p>\n","protected":false},"author":2,"featured_media":0,"comment_status":"closed","ping_status":"open","sticky":false,"template":"","format":"standard","meta":{"_monsterinsights_skip_tracking":false,"_monsterinsights_sitenote_active":false,"_monsterinsights_sitenote_note":"","_monsterinsights_sitenote_category":0,"footnotes":""},"categories":[6],"tags":[141,509,2349,180],"class_list":["post-9634062","post","type-post","status-publish","format-standard","hentry","category-institucional","tag-curso","tag-formacion","tag-genero-e-igualdad","tag-masculinidad"],"_links":{"self":[{"href":"https:\/\/www.upo.es\/diario\/wp-json\/wp\/v2\/posts\/9634062","targetHints":{"allow":["GET"]}}],"collection":[{"href":"https:\/\/www.upo.es\/diario\/wp-json\/wp\/v2\/posts"}],"about":[{"href":"https:\/\/www.upo.es\/diario\/wp-json\/wp\/v2\/types\/post"}],"author":[{"embeddable":true,"href":"https:\/\/www.upo.es\/diario\/wp-json\/wp\/v2\/users\/2"}],"replies":[{"embeddable":true,"href":"https:\/\/www.upo.es\/diario\/wp-json\/wp\/v2\/comments?post=9634062"}],"version-history":[{"count":2,"href":"https:\/\/www.upo.es\/diario\/wp-json\/wp\/v2\/posts\/9634062\/revisions"}],"predecessor-version":[{"id":9638332,"href":"https:\/\/www.upo.es\/diario\/wp-json\/wp\/v2\/posts\/9634062\/revisions\/9638332"}],"wp:attachment":[{"href":"https:\/\/www.upo.es\/diario\/wp-json\/wp\/v2\/media?parent=9634062"}],"wp:term":[{"taxonomy":"category","embeddable":true,"href":"https:\/\/www.upo.es\/diario\/wp-json\/wp\/v2\/categories?post=9634062"},{"taxonomy":"post_tag","embeddable":true,"href":"https:\/\/www.upo.es\/diario\/wp-json\/wp\/v2\/tags?post=9634062"}],"curies":[{"name":"wp","href":"https:\/\/api.w.org\/{rel}","templated":true}]}}