{"id":9645712,"date":"2015-05-13T11:01:16","date_gmt":"2015-05-13T11:01:16","guid":{"rendered":"https:\/\/www.upo.es\/diario\/?p=9645712"},"modified":"2015-05-15T11:57:10","modified_gmt":"2015-05-15T11:57:10","slug":"el-verano-europeo-se-ha-alargado-a-un-ritmo-de-6-dias-por-decada-en-los-ultimos-35-anos-segun-un-estudio","status":"publish","type":"post","link":"https:\/\/www.upo.es\/diario\/ciencia\/2015\/05\/el-verano-europeo-se-ha-alargado-a-un-ritmo-de-6-dias-por-decada-en-los-ultimos-35-anos-segun-un-estudio\/","title":{"rendered":"El verano europeo se ha alargado a un ritmo de 6 d\u00edas por d\u00e9cada en los \u00faltimos 35 a\u00f1os, seg\u00fan un estudio"},"content":{"rendered":"<figure id=\"attachment_9645713\" aria-describedby=\"caption-attachment-9645713\" style=\"width: 320px\" class=\"wp-caption alignright\"><img loading=\"lazy\" decoding=\"async\" class=\"size-medium wp-image-9645713 \" alt=\"Term\u00f3metro en una calle del centro de Sevilla: marca 45 grados cent\u00edgrados\" src=\"https:\/\/www.upo.es\/diario\/wp-content\/uploads\/2015\/05\/termometro_sevilla-320x259.jpg\" width=\"320\" height=\"259\" srcset=\"https:\/\/www.upo.es\/diario\/wp-content\/uploads\/2015\/05\/termometro_sevilla-320x259.jpg 320w, https:\/\/www.upo.es\/diario\/wp-content\/uploads\/2015\/05\/termometro_sevilla.jpg 452w\" sizes=\"auto, (max-width: 320px) 100vw, 320px\" \/><figcaption id=\"caption-attachment-9645713\" class=\"wp-caption-text\">Para calcular el momento de inicio y final del verano los investigadores han creado un algoritmo basado en umbrales locales de temperatura<\/figcaption><\/figure>\n<p>Un grupo de <strong>investigadores de las universidades Pablo de Olavide de Sevilla y Complutense de Madrid y del Instituto de Geociencias del CSIC<\/strong> han llevado a cabo un estudio, que se publicar\u00e1 pr\u00f3ximamente en la revista <em>Journal of Climate<\/em> de la <em>American Meteorological Society<\/em>, que evidencia que<strong> el verano europeo se ha alargado de forma significativa desde finales de la d\u00e9cada de los 70 a un ritmo medio\u00a0 de alrededor de 6 d\u00edas por d\u00e9cada<\/strong>.<\/p>\n<p>El estudio muestra que factores como el calentamiento global\u00a0 y la Oscilaci\u00f3n Multidecadal del Atl\u00e1ntico han contribuido a esta tendencia. La autora principal del trabajo ha sido la profesora de la Universidad Pablo de Olavide, <strong>Cristina Pe\u00f1a Ortiz<\/strong>, que ha trabajado en colaboraci\u00f3n con los investigadores Ricardo Garc\u00eda Herrera y David Barriopedro Cepero de la Universidad Complutense de Madrid y el Instituto de Geociencias del CSIC, respectivamente.<\/p>\n<figure id=\"attachment_9645952\" aria-describedby=\"caption-attachment-9645952\" style=\"width: 320px\" class=\"wp-caption alignright\"><a href=\"https:\/\/www.upo.es\/diario\/wp-content\/uploads\/2015\/05\/Cristina-Pena_15.jpg\"><img loading=\"lazy\" decoding=\"async\" class=\"size-medium wp-image-9645952\" alt=\"Cristina Pe\u00f1a Ortiz\" src=\"https:\/\/www.upo.es\/diario\/wp-content\/uploads\/2015\/05\/Cristina-Pena_15-320x213.jpg\" width=\"320\" height=\"213\" srcset=\"https:\/\/www.upo.es\/diario\/wp-content\/uploads\/2015\/05\/Cristina-Pena_15-320x213.jpg 320w, https:\/\/www.upo.es\/diario\/wp-content\/uploads\/2015\/05\/Cristina-Pena_15-600x400.jpg 600w\" sizes=\"auto, (max-width: 320px) 100vw, 320px\" \/><\/a><figcaption id=\"caption-attachment-9645952\" class=\"wp-caption-text\">Cristina Pe\u00f1a Ortiz<\/figcaption><\/figure>\n<p><strong>En este trabajo se analiza la variabilidad multidecadal de las fechas de inicio y final as\u00ed como de la duraci\u00f3n del verano<\/strong>. Para calcular el momento de inicio y final del verano estos investigadores han creado un algoritmo objetivo basado en umbrales locales de temperatura que han aplicado a la base de datos E-OBS, formada a partir de datos diarios de temperatura recogidos en observatorios de toda Europa, para el periodo 1950-2012.\u00a0 Los resultados revelan un alargamiento promedio del verano de 2.4 d\u00edas por d\u00e9cada para el periodo 1950-2012. Sin embargo, esta tendencia est\u00e1 confinada al periodo posterior a 1979 cuando el alargamiento alcanza valores de entre 5 y 12 d\u00edas por d\u00e9cada sobre el oeste de Europa y la regi\u00f3n del Mediterr\u00e1neo. Por el contrario, un acortamiento generalizado del verano se detecta para el periodo 1950-1978. Estos cambios son consistentes con tendencias positivas de temperatura observadas durante los meses de junio y septiembre en Europa y que, evidentemente, afectan a las fechas de inicio y final del verano.<\/p>\n<p>Este estudio muestra c\u00f3mo los cambios encontrados en la duraci\u00f3n del verano pueden explicarse por una<strong> superposici\u00f3n de la se\u00f1al de la Oscilaci\u00f3n Multidecadal del Atl\u00e1ntico<\/strong>, un modo de variabilidad natural caracterizado por cambios en la temperatura superficial del Atl\u00e1ntico Norte, y de una tendencia de larga duraci\u00f3n hacia veranos m\u00e1s largos asociada al <strong>calentamiento global de origen antropog\u00e9nico<\/strong>.<\/p>\n<p>Cristina Pe\u00f1a Ortiz, David Barriopedro y Ricardo Garc\u00eda Herrera (2015) <em>Multidecadal variability of the summer length in Europe<\/em>. Journal of Climate. <a href=\"http:\/\/journals.ametsoc.org\/doi\/pdf\/10.1175\/JCLI-D-14-00429.1\">http:\/\/journals.ametsoc.org\/doi\/pdf\/10.1175\/JCLI-D-14-00429.1<\/a><\/p>\n","protected":false},"excerpt":{"rendered":"<p>Un grupo de investigadores de las universidades Pablo de Olavide y Complutense y del Instituto de Geociencias del CSIC han llevado a cabo un estudio que evidencia que el verano europeo se ha alargado de forma significativa desde finales de la d\u00e9cada de los 70 a un ritmo medio  de alrededor de 6 d\u00edas por d\u00e9cada. El trabajo muestra que factores como el calentamiento global  y la Oscilaci\u00f3n Multidecadal del Atl\u00e1ntico han contribuido a esta tendencia.<\/p>\n","protected":false},"author":6,"featured_media":0,"comment_status":"closed","ping_status":"open","sticky":false,"template":"","format":"standard","meta":{"_monsterinsights_skip_tracking":false,"_monsterinsights_sitenote_active":false,"_monsterinsights_sitenote_note":"","_monsterinsights_sitenote_category":0,"footnotes":""},"categories":[3],"tags":[593,958,45,56,2377],"class_list":["post-9645712","post","type-post","status-publish","format-standard","hentry","category-ciencia","tag-cambio-climatico","tag-clima","tag-csic","tag-investigacion","tag-universidad-complutense"],"_links":{"self":[{"href":"https:\/\/www.upo.es\/diario\/wp-json\/wp\/v2\/posts\/9645712","targetHints":{"allow":["GET"]}}],"collection":[{"href":"https:\/\/www.upo.es\/diario\/wp-json\/wp\/v2\/posts"}],"about":[{"href":"https:\/\/www.upo.es\/diario\/wp-json\/wp\/v2\/types\/post"}],"author":[{"embeddable":true,"href":"https:\/\/www.upo.es\/diario\/wp-json\/wp\/v2\/users\/6"}],"replies":[{"embeddable":true,"href":"https:\/\/www.upo.es\/diario\/wp-json\/wp\/v2\/comments?post=9645712"}],"version-history":[{"count":6,"href":"https:\/\/www.upo.es\/diario\/wp-json\/wp\/v2\/posts\/9645712\/revisions"}],"predecessor-version":[{"id":9657761,"href":"https:\/\/www.upo.es\/diario\/wp-json\/wp\/v2\/posts\/9645712\/revisions\/9657761"}],"wp:attachment":[{"href":"https:\/\/www.upo.es\/diario\/wp-json\/wp\/v2\/media?parent=9645712"}],"wp:term":[{"taxonomy":"category","embeddable":true,"href":"https:\/\/www.upo.es\/diario\/wp-json\/wp\/v2\/categories?post=9645712"},{"taxonomy":"post_tag","embeddable":true,"href":"https:\/\/www.upo.es\/diario\/wp-json\/wp\/v2\/tags?post=9645712"}],"curies":[{"name":"wp","href":"https:\/\/api.w.org\/{rel}","templated":true}]}}