{"id":9646214,"date":"2015-05-14T06:00:50","date_gmt":"2015-05-14T06:00:50","guid":{"rendered":"https:\/\/www.upo.es\/diario\/?p=9646214"},"modified":"2015-05-14T09:07:32","modified_gmt":"2015-05-14T09:07:32","slug":"manana-comienza-en-la-upo-el-ii-coloquio-sobre-aspecto-y-su-adquisicion-en-segundas-lenguas","status":"publish","type":"post","link":"https:\/\/www.upo.es\/diario\/institucional\/2015\/05\/manana-comienza-en-la-upo-el-ii-coloquio-sobre-aspecto-y-su-adquisicion-en-segundas-lenguas\/","title":{"rendered":"Hoy comienza en la UPO el II Coloquio sobre aspecto y su adquisici\u00f3n en segundas lenguas"},"content":{"rendered":"<figure id=\"attachment_9650956\" aria-describedby=\"caption-attachment-9650956\" style=\"width: 320px\" class=\"wp-caption alignright\"><a href=\"https:\/\/www.upo.es\/diario\/wp-content\/uploads\/2015\/05\/IMG_0031.jpg\"><img loading=\"lazy\" decoding=\"async\" class=\"size-medium wp-image-9650956 \" alt=\"Montserrat Mart\u00ednez V\u00e1zquez en la conferencia  \u201cI\u2019m loving it! El uso del progresivo con verbos estativos\u201d\" src=\"https:\/\/www.upo.es\/diario\/wp-content\/uploads\/2015\/05\/IMG_0031-320x203.jpg\" width=\"320\" height=\"203\" srcset=\"https:\/\/www.upo.es\/diario\/wp-content\/uploads\/2015\/05\/IMG_0031-320x203.jpg 320w, https:\/\/www.upo.es\/diario\/wp-content\/uploads\/2015\/05\/IMG_0031-600x380.jpg 600w\" sizes=\"auto, (max-width: 320px) 100vw, 320px\" \/><\/a><figcaption id=\"caption-attachment-9650956\" class=\"wp-caption-text\">Montserrat Mart\u00ednez V\u00e1zquez en la conferencia \u201cI\u2019m loving it! El uso del progresivo con verbos estativos\u201d<\/figcaption><\/figure>\n<p>Hoy jueves 14 de mayo, a las 10:00 horas en el aula de grados del edificio 6 de la Universidad Pablo de Olavide, dar\u00e1 comienzo el <b>II Coloquio sobre Aspecto y su Adquisici\u00f3n de Segundas Lenguas<\/b>, un encuentro que se celebra hasta el viernes 15 y que est\u00e1 organizado por el Departamento de Filolog\u00eda y Traducci\u00f3n de esta universidad.<\/p>\n<p>El objetivo de este coloquio es reunir ling\u00fcistas interesados en la comprensi\u00f3n de perspectivas particulares de la teor\u00eda ling\u00fc\u00edstica y su contribuci\u00f3n a la hora de abordar el aprendizaje de segundas lenguas.<\/p>\n<p>La jornada de hoy jueves constar\u00e1 de tres conferencias: \u201cI&#8217;m loving it! El uso del progresivo con verbos estativos\u201d, que ser\u00e1 impartido a las 10:00 horas por Montserrat Mart\u00ednez V\u00e1zquez (Universidad Pablo de Olavide); \u201cExtracci\u00f3n desde predicados secundarios, aspecto l\u00e9xico y nanosintaxis\u201d, a las 11:00 horas a cargo de \u00c1ngel L. Jim\u00e9nez-Fern\u00e1ndez (Universidad de Sevilla); y \u201cSPLLOC: Un estudio sobre la adquisici\u00f3n y el uso del imperfecto y el pret\u00e9rito por hablantes de ingl\u00e9s\u201d, a las 12:30 horas por Laura Dom\u00ednguez (University of Southampton).<\/p>\n<p>Ma\u00f1ana viernes 14 tambi\u00e9n se celebrar\u00e1n tres conferencias con el mismo horario del jueves. Comenzar\u00e1 la ponencia \u201cEl uso de la morfolog\u00eda verbal de pasado en aprendices de espa\u00f1ol como segunda lengua\u201d, de Paz Gonz\u00e1lez (Leiden University) y Luc\u00eda Quintana Hern\u00e1ndez (Universidad Pablo de Olavide), le seguir\u00e1 la conferencia \u201cLas construcciones \u2013te iru y \u2013te aru en japon\u00e9s: an\u00e1lisis contrastivo japon\u00e9s-espa\u00f1ol y sus implicaciones did\u00e1cticas\u201d, de Yuko Morimoto (Universidad Carlos III de Madrid), y concluir\u00e1 el ciclo \u201cPosibles puntos de origen del concepto de aspecto en estudiantes adultos: Reglas pedag\u00f3gicas, datos naturales y conceptualizaci\u00f3n acad\u00e9mica\u201d, a cargo de M. Rafael Salaberry (Rice University).<\/p>\n<p><a href=\"http:\/\/www.upo.es\/export\/portal\/com\/bin\/portal\/fhum\/noticias\/II_Coloquio_aspecto_y_su_adquisicion_en_segundas_lenguas_AASL\/1430727185361_cartel_aspecto4.pdf\">Programa II Coloquio sobre Aspecto y su Adquisici\u00f3n de Segundas Lenguas<\/a><\/p>\n<p align=\"center\"><b>\u00a0<\/b><\/p>\n","protected":false},"excerpt":{"rendered":"<p>Hoy jueves 14 de mayo, a las 10:00 horas en el aula de grados del edificio 6 de la Universidad Pablo de Olavide, dar\u00e1 comienzo el II Coloquio sobre Aspecto y su Adquisici\u00f3n de Segundas Lenguas, un encuentro que se celebra hasta el viernes 15 y que est\u00e1 organizado por el Departamento de Filolog\u00eda y Traducci\u00f3n de esta universidad.<\/p>\n","protected":false},"author":2,"featured_media":0,"comment_status":"closed","ping_status":"open","sticky":false,"template":"","format":"standard","meta":{"_monsterinsights_skip_tracking":false,"_monsterinsights_sitenote_active":false,"_monsterinsights_sitenote_note":"","_monsterinsights_sitenote_category":0,"footnotes":""},"categories":[6],"tags":[603,1111],"class_list":["post-9646214","post","type-post","status-publish","format-standard","hentry","category-institucional","tag-coloquio","tag-filologia-y-traduccion"],"_links":{"self":[{"href":"https:\/\/www.upo.es\/diario\/wp-json\/wp\/v2\/posts\/9646214","targetHints":{"allow":["GET"]}}],"collection":[{"href":"https:\/\/www.upo.es\/diario\/wp-json\/wp\/v2\/posts"}],"about":[{"href":"https:\/\/www.upo.es\/diario\/wp-json\/wp\/v2\/types\/post"}],"author":[{"embeddable":true,"href":"https:\/\/www.upo.es\/diario\/wp-json\/wp\/v2\/users\/2"}],"replies":[{"embeddable":true,"href":"https:\/\/www.upo.es\/diario\/wp-json\/wp\/v2\/comments?post=9646214"}],"version-history":[{"count":5,"href":"https:\/\/www.upo.es\/diario\/wp-json\/wp\/v2\/posts\/9646214\/revisions"}],"predecessor-version":[{"id":9650239,"href":"https:\/\/www.upo.es\/diario\/wp-json\/wp\/v2\/posts\/9646214\/revisions\/9650239"}],"wp:attachment":[{"href":"https:\/\/www.upo.es\/diario\/wp-json\/wp\/v2\/media?parent=9646214"}],"wp:term":[{"taxonomy":"category","embeddable":true,"href":"https:\/\/www.upo.es\/diario\/wp-json\/wp\/v2\/categories?post=9646214"},{"taxonomy":"post_tag","embeddable":true,"href":"https:\/\/www.upo.es\/diario\/wp-json\/wp\/v2\/tags?post=9646214"}],"curies":[{"name":"wp","href":"https:\/\/api.w.org\/{rel}","templated":true}]}}