{"id":9651435,"date":"2015-05-14T07:45:51","date_gmt":"2015-05-14T07:45:51","guid":{"rendered":"https:\/\/www.upo.es\/diario\/?p=9651435"},"modified":"2015-05-14T11:02:25","modified_gmt":"2015-05-14T11:02:25","slug":"ceremonia-de-egresados-del-grado-en-relaciones-laborales-y-recursos-humanos-de-la-upo","status":"publish","type":"post","link":"https:\/\/www.upo.es\/diario\/institucional\/2015\/05\/ceremonia-de-egresados-del-grado-en-relaciones-laborales-y-recursos-humanos-de-la-upo\/","title":{"rendered":"Ceremonia de egresados del grado en Relaciones Laborales y Recursos Humanos de la UPO"},"content":{"rendered":"<figure id=\"attachment_9651436\" aria-describedby=\"caption-attachment-9651436\" style=\"width: 320px\" class=\"wp-caption alignright\"><a href=\"https:\/\/www.upo.es\/diario\/wp-content\/uploads\/2015\/05\/150513-UPO_493.jpg\"><img loading=\"lazy\" decoding=\"async\" class=\"size-medium wp-image-9651436\" alt=\"Tercera Promoci\u00f3n de Relaciones Laborales y Recursos Humanos de la UPO\" src=\"https:\/\/www.upo.es\/diario\/wp-content\/uploads\/2015\/05\/150513-UPO_493-320x213.jpg\" width=\"320\" height=\"213\" srcset=\"https:\/\/www.upo.es\/diario\/wp-content\/uploads\/2015\/05\/150513-UPO_493-320x213.jpg 320w, https:\/\/www.upo.es\/diario\/wp-content\/uploads\/2015\/05\/150513-UPO_493-600x400.jpg 600w, https:\/\/www.upo.es\/diario\/wp-content\/uploads\/2015\/05\/150513-UPO_493.jpg 1024w\" sizes=\"auto, (max-width: 320px) 100vw, 320px\" \/><\/a><figcaption id=\"caption-attachment-9651436\" class=\"wp-caption-text\">Tercera Promoci\u00f3n de Relaciones Laborales y Recursos Humanos de la UPO<\/figcaption><\/figure>\n<p style=\"text-align: justify;\">La ceremonia de egresados de la tercera promoci\u00f3n (2011-2015) del grado en Relaciones Laborales y Recursos Humanos se celebr\u00f3 ayer mi\u00e9rcoles en la Universidad Pablo de Olavide, presidida por el decano de la Facultad de Derecho de la UPO, Andr\u00e9s Rodr\u00edguez Benot.<\/p>\n<figure id=\"attachment_9651437\" aria-describedby=\"caption-attachment-9651437\" style=\"width: 320px\" class=\"wp-caption alignright\"><a href=\"https:\/\/www.upo.es\/diario\/wp-content\/uploads\/2015\/05\/150513-UPO_177.jpg\"><img loading=\"lazy\" decoding=\"async\" class=\"size-medium wp-image-9651437\" alt=\"La madrina de la promoci\u00f3n ha sido Mar\u00eda de las Nieves Rico M\u00e1rquez, magistrada-juez del Juzgado de lo Social n\u00ba 4 de Sevilla.\" src=\"https:\/\/www.upo.es\/diario\/wp-content\/uploads\/2015\/05\/150513-UPO_177-320x213.jpg\" width=\"320\" height=\"213\" srcset=\"https:\/\/www.upo.es\/diario\/wp-content\/uploads\/2015\/05\/150513-UPO_177-320x213.jpg 320w, https:\/\/www.upo.es\/diario\/wp-content\/uploads\/2015\/05\/150513-UPO_177-600x400.jpg 600w, https:\/\/www.upo.es\/diario\/wp-content\/uploads\/2015\/05\/150513-UPO_177.jpg 1024w\" sizes=\"auto, (max-width: 320px) 100vw, 320px\" \/><\/a><figcaption id=\"caption-attachment-9651437\" class=\"wp-caption-text\">La madrina de la promoci\u00f3n ha sido Mar\u00eda de las Nieves Rico M\u00e1rquez, magistrada-juez del Juzgado de lo Social n\u00ba 4 de Sevilla.<\/figcaption><\/figure>\n<p style=\"text-align: justify;\">La madrina de la promoci\u00f3n ha sido Mar\u00eda de las Nieves Rico M\u00e1rquez, magistrada-juez del Juzgado de lo Social n\u00ba 4 de Sevilla. A la ceremonia han asistido tambi\u00e9n C\u00e9sar Hornero M\u00e9ndez, profesor de Derecho Civil de la UPO y Rafael Hidalgo Romero, presidente del Colegio Oficial de Graduados Sociales de Sevilla y profesor de la Facultad de Derecho de la UPO. Los representantes de los estudiantes han sido Manuel Fern\u00e1ndez Fuster, Esmeralda Vicente Garc\u00eda, Ver\u00f3nica Ortega P\u00e9rez, J\u00e9nifer Alc\u00e1zar Romero y Carlos Grau Ayala.<\/p>\n<p style=\"text-align: justify;\">Un total de 56 egresados han asistido junto a sus familiares a estos actos con los que la Universidad Pablo de Olavide recupera una antigua tradici\u00f3n de las universidades europeas.<\/p>\n","protected":false},"excerpt":{"rendered":"<p>La ceremonia de egresados de la tercera promoci\u00f3n (2011-2015) del grado en Relaciones Laborales y Recursos Humanos se celebr\u00f3 ayer mi\u00e9rcoles en la Universidad Pablo de Olavide, presidida por el decano de la Facultad de Derecho de la UPO, Andr\u00e9s Rodr\u00edguez Benot. La madrina de la promoci\u00f3n ha sido Mar\u00eda de las Nieves Rico M\u00e1rquez, magistrada-juez del Juzgado de lo Social n\u00ba 4 de Sevilla.<\/p>\n","protected":false},"author":4,"featured_media":0,"comment_status":"closed","ping_status":"open","sticky":false,"template":"","format":"standard","meta":{"_monsterinsights_skip_tracking":false,"_monsterinsights_sitenote_active":false,"_monsterinsights_sitenote_note":"","_monsterinsights_sitenote_category":0,"footnotes":""},"categories":[6],"tags":[581,81,1390],"class_list":["post-9651435","post","type-post","status-publish","format-standard","hentry","category-institucional","tag-ceremonia-de-egresados","tag-facultad-de-derecho","tag-grado-en-relaciones-laborales-y-recursos-humanos"],"_links":{"self":[{"href":"https:\/\/www.upo.es\/diario\/wp-json\/wp\/v2\/posts\/9651435","targetHints":{"allow":["GET"]}}],"collection":[{"href":"https:\/\/www.upo.es\/diario\/wp-json\/wp\/v2\/posts"}],"about":[{"href":"https:\/\/www.upo.es\/diario\/wp-json\/wp\/v2\/types\/post"}],"author":[{"embeddable":true,"href":"https:\/\/www.upo.es\/diario\/wp-json\/wp\/v2\/users\/4"}],"replies":[{"embeddable":true,"href":"https:\/\/www.upo.es\/diario\/wp-json\/wp\/v2\/comments?post=9651435"}],"version-history":[{"count":3,"href":"https:\/\/www.upo.es\/diario\/wp-json\/wp\/v2\/posts\/9651435\/revisions"}],"predecessor-version":[{"id":9651441,"href":"https:\/\/www.upo.es\/diario\/wp-json\/wp\/v2\/posts\/9651435\/revisions\/9651441"}],"wp:attachment":[{"href":"https:\/\/www.upo.es\/diario\/wp-json\/wp\/v2\/media?parent=9651435"}],"wp:term":[{"taxonomy":"category","embeddable":true,"href":"https:\/\/www.upo.es\/diario\/wp-json\/wp\/v2\/categories?post=9651435"},{"taxonomy":"post_tag","embeddable":true,"href":"https:\/\/www.upo.es\/diario\/wp-json\/wp\/v2\/tags?post=9651435"}],"curies":[{"name":"wp","href":"https:\/\/api.w.org\/{rel}","templated":true}]}}