{"id":9651693,"date":"2015-05-14T11:52:51","date_gmt":"2015-05-14T11:52:51","guid":{"rendered":"https:\/\/www.upo.es\/diario\/?p=9651693"},"modified":"2015-05-18T10:54:22","modified_gmt":"2015-05-18T10:54:22","slug":"decimotercera-edicion-de-los-cursos-de-verano-de-la-universidad-pablo-de-olavide-en-su-sede-de-carmona","status":"publish","type":"post","link":"https:\/\/www.upo.es\/diario\/institucional\/2015\/05\/decimotercera-edicion-de-los-cursos-de-verano-de-la-universidad-pablo-de-olavide-en-su-sede-de-carmona\/","title":{"rendered":"Decimotercera edici\u00f3n de los Cursos de Verano de la Universidad Pablo de Olavide en su sede de Carmona"},"content":{"rendered":"<figure id=\"attachment_9651704\" aria-describedby=\"caption-attachment-9651704\" style=\"width: 600px\" class=\"wp-caption aligncenter\"><a href=\"https:\/\/www.upo.es\/diario\/wp-content\/uploads\/2015\/05\/presen_cursosverano1.jpg\"><img loading=\"lazy\" decoding=\"async\" class=\"size-large wp-image-9651704\" alt=\"De izquierda a derecha: la diputada de Ciudadan\u00eda, Participaci\u00f3n y Cultura de la Diputaci\u00f3n de Sevilla, Beatriz S\u00e1nchez Garc\u00eda, el rector de la Universidad Pablo de Olavide, Vicente Guzm\u00e1n Fluja; el presidente de la Fundaci\u00f3n Cajasol, Antonio Pulido Gutierrez; y el alcalde de Carmona, Juan \u00c1vila Guti\u00e9rrez.\" src=\"https:\/\/www.upo.es\/diario\/wp-content\/uploads\/2015\/05\/presen_cursosverano1-600x401.jpg\" width=\"600\" height=\"401\" srcset=\"https:\/\/www.upo.es\/diario\/wp-content\/uploads\/2015\/05\/presen_cursosverano1-600x401.jpg 600w, https:\/\/www.upo.es\/diario\/wp-content\/uploads\/2015\/05\/presen_cursosverano1-320x214.jpg 320w\" sizes=\"auto, (max-width: 600px) 100vw, 600px\" \/><\/a><figcaption id=\"caption-attachment-9651704\" class=\"wp-caption-text\">De izquierda a derecha: \u00a0Beatriz S\u00e1nchez Garc\u00eda, Vicente Guzm\u00e1n Fluja; Antonio Pulido Gutierrez; y Juan \u00c1vila Guti\u00e9rrez<\/figcaption><\/figure>\n<p>Los Cursos de Verano de la Universidad Pablo de Olavide se celebrar\u00e1n nuevamente en su decimotercera edici\u00f3n <strong>en la sede de Carmona, del 6 de julio al 28 de agosto<\/strong>, organizados por la UPO en colaboraci\u00f3n con el Ayuntamiento de esta ciudad. La Casa Palacio de Los Briones, sede permanente de la Universidad Pablo de Olavide en Carmona, acoger\u00e1 por decimotercer a\u00f1o consecutivo un total de <strong>37 Cursos de Verano<\/strong>.<\/p>\n<p>En los Cursos de Verano se abordar\u00e1n, entre otros, temas diversos, como el terrorismo yihadista; democracia y ciudadan\u00eda; c\u00f3mo ser periodista y no morir en el intento; las intervenciones asistidas por animales; el coaching y la comunicaci\u00f3n; la alimentaci\u00f3n emocional; las terapias ecuestres, el marketing y la comunicaci\u00f3n digital, la protecci\u00f3n de los consumidores desde el \u00e1mbito municipal o la tradici\u00f3n e innovaci\u00f3n en la cocina andaluza, en los que participar\u00e1n diferentes especialistas nacionales e internacionales.<\/p>\n<p>El rector de la Universidad Pablo de Olavide, Vicente Guzm\u00e1n Fluja; el presidente de la Fundaci\u00f3n Cajasol, Antonio Pulido Gutierrez; el alcalde de Carmona, Juan \u00c1vila Guti\u00e9rrez; la diputada de Ciudadan\u00eda, Participaci\u00f3n y Cultura de la Diputaci\u00f3n de Sevilla, Beatriz S\u00e1nchez Garc\u00eda y el vicerrector de Postgrado, Formaci\u00f3n Permanente y Empleo, Miguel \u00c1ngel Gual Font han presentado los Cursos de Verano 2015 de la UPO, quienes han coincidido en destacar la actualidad de los temas objeto de los cursos de este pr\u00f3ximo verano y la relevancia de los ponentes que intervendr\u00e1n en los mismos.<\/p>\n<p>Durante el acto, el <strong>rector de la UPO ha afirmado que \u201clos Cursos de Verano son un ejercicio del conocimiento abierto, \u00fatil y v\u00e1lido que contribuye a que las personas puedan lograr sus objetivos\u201d<\/strong>. En este sentido, ha resaltado que \u201cla herramienta m\u00e1s eficaz para avanzar es el conocimiento, un conocimiento que no puede ser privilegio de unas pocas personas, sobre todo aquel que sirva para alcanzar nuevas metas en cualquier sector y de ah\u00ed la importancia de los Cursos de Verano\u201d. Asimismo, ha se\u00f1alado que en esta edici\u00f3n \u201cm\u00e1s que la cantidad se ha buscado la calidad de los cursos y una tem\u00e1tica de mayor inter\u00e9s\u201d.<\/p>\n<p>Por su parte, el <strong>presidente de la Fundaci\u00f3n Cajasol ha expresado que \u201ces una satisfacci\u00f3n para nuestra entidad poder colaborar de manera activa en los Cursos de Verano que son un \u00e1mbito de referencia dentro de la formaci\u00f3n estival de la universidad espa\u00f1ola\u201d<\/strong>. Adem\u00e1s, ha explicado que \u201cen la actualidad, la sociedad se enfrenta a importantes retos y desaf\u00edos a los que tratan de dar respuesta estos Cursos de Verano. La formaci\u00f3n es un herramienta fundamental para aprovechar las oportunidades de conocimiento, riqueza y empleo en el entorno actual\u201d.<\/p>\n<p>Durante su intervenci\u00f3n, <strong>el alcalde de Carmona ha resaltado que \u201cel Ayuntamiento y la Universidad realizan continuamente un trabajo conjunto que ha constituido todo un \u00e9xito y que ha desembocado en la realizaci\u00f3n de los Cursos de Verano<\/strong>, unos cursos que son de rabiosa actualidad, una garant\u00eda a la hora de asegurar su demanda\u201d. Igualmente, ha manifestado que \u201cOlavide en Carmona es un sello de referencia y de calidad a nivel mundial\u201d y ha a\u00f1adido que \u201crealizar una formaci\u00f3n en Carmona es un valor a\u00f1adido puesto que permite cursar seminarios como el de Arqueolog\u00eda\u201d<\/p>\n<p>Finalmente, la diputada de Ciudadan\u00eda, Participaci\u00f3n y Cultura de la Diputaci\u00f3n de Sevilla ha hecho hincapi\u00e9 en que los Cursos de Verano se han sabido adaptar a los tiempos y a la demanda de los ciudadanos de nuevas formas de ver la vida. \u201cLa educaci\u00f3n, la pol\u00edtica, el periodismo\u2026, son temas que merecen ser tratados y en torno a los cuales se pueden hacer debates desde un punto de vista formativo. Por eso, la sede Olavide en Carmona se ha ganado la confianza de todas las instituciones implicadas en la organizaci\u00f3n de los mismos\u201d.<\/p>\n<p>En esta nueva edici\u00f3n de los cursos, <strong>los seminarios se celebrar\u00e1n en el mes de julio, mientras que a lo largo del mes de agosto se llevar\u00e1n a cabo en Carmona un curso pr\u00e1ctico destinado a realizar pr\u00e1cticas arqueol\u00f3gicas de campo<\/strong>. Adem\u00e1s de los tradicionales cursos de cinco d\u00edas, este a\u00f1o se ha vuelto a apostar por la inclusi\u00f3n en el programa estival de seminarios de tres y dos d\u00edas, dirigidos sobre todo al reciclaje de profesionales para que puedan compaginar la formaci\u00f3n con su actividad laboral.<\/p>\n<p>Adem\u00e1s, es destacable que por segundo a\u00f1o consecutivo se ha vuelto a incluir en la programaci\u00f3n estival dos cursos de verano coordinados por el<strong> Centro de Estudios Empresariales (CEADE)<\/strong> en virtud al convenio suscrito entre la Universidad Pablo de Olavide y esta instituci\u00f3n. Asimismo, la Diputaci\u00f3n de Sevilla tambi\u00e9n organizar\u00e1 este a\u00f1o el seminario \u201cLos gobiernos locales ante un nuevo mandato corporativo\u201d.<\/p>\n<p><a href=\"https:\/\/www.upo.es\/diario\/wp-content\/uploads\/2015\/05\/cartel_2015.jpg\"><img loading=\"lazy\" decoding=\"async\" class=\"alignright size-medium wp-image-9651720\" alt=\"Olavide en Carmona-Cursos de Verano 2015\" src=\"https:\/\/www.upo.es\/diario\/wp-content\/uploads\/2015\/05\/cartel_2015-178x320.jpg\" width=\"178\" height=\"320\" srcset=\"https:\/\/www.upo.es\/diario\/wp-content\/uploads\/2015\/05\/cartel_2015-178x320.jpg 178w, https:\/\/www.upo.es\/diario\/wp-content\/uploads\/2015\/05\/cartel_2015-335x600.jpg 335w, https:\/\/www.upo.es\/diario\/wp-content\/uploads\/2015\/05\/cartel_2015-600x1074.jpg 600w, https:\/\/www.upo.es\/diario\/wp-content\/uploads\/2015\/05\/cartel_2015.jpg 1649w\" sizes=\"auto, (max-width: 178px) 100vw, 178px\" \/><\/a>El <strong>plazo de matr\u00edcula<\/strong> para inscribirse en los Cursos de Verano 2015 de la Universidad Pablo de Olavide se encuentra <strong>ya abierto y estar\u00e1 disponible hasta siete d\u00edas naturales antes de la celebraci\u00f3n de cada curso, siempre que queden plazas disponibles<\/strong>, y los estudiantes que as\u00ed lo quieran podr\u00e1n realizar su matr\u00edcula a trav\u00e9s de Internet a trav\u00e9s de la web www.upo.es\/olavideencarmona. En cada curso se reserva un 10 por ciento para estudiantes becados.<\/p>\n<p>Estos cursos pueden ser convalidados como cr\u00e9ditos de libre configuraci\u00f3n y eurocr\u00e9ditos por los estudiantes de todas las universidades p\u00fablicas andaluzas y centros concertados de la UNED. Asimismo, los Cursos de Verano de la UPO se desarrollan con la colaboraci\u00f3n de la Consejer\u00eda de Educaci\u00f3n de la Junta de Andaluc\u00eda, con lo cual sirven de m\u00e9rito para los profesores que as\u00ed lo requieran.<\/p>\n<p>Los cursos de verano de este a\u00f1o ofrecen un <strong>programa multidisciplinar en el que participar\u00e1n unos 274 ponentes y conferenciantes<\/strong>. Adem\u00e1s, se espera la participaci\u00f3n de unos 700 estudiantes.<\/p>\n<p>Con respecto a los ponentes, hay que destacar la presencia en los Cursos de Verano del ex presidente del Gobierno Jos\u00e9 Luis Rodr\u00edguez Zapatero; la periodista y escritora Maruja Torres; del dise\u00f1ador de moda Lorenzo Caprile; del secretario general de Comisiones Obreras, Ignacio Fern\u00e1ndez Totxo; el presidente de la Sociedad Espa\u00f1ola para el Estudio de la Violencia Filioparental, Javier Urra o el defensor del Pueblo Andaluz, Jes\u00fas Maeztu.<\/p>\n<p>Tambi\u00e9n participar\u00e1n periodistas como Juan Cruz Ruiz, director adjunto de El Pa\u00eds; Rafael Rodr\u00edguez Guerrero, presidente de la Asociaci\u00f3n de la Prensa de Sevilla; Nacho Escolar Garc\u00eda, director de eldiario.es; Nacho Cardero, director de elconfidencial.es; Jos\u00e9 Luis P\u00e9rez G\u00f3mez, director de Informativos de la Cadena COPE o Ezequiel Mart\u00ednez Jim\u00e9nez, tambi\u00e9n escritor y ex director de \u2018Tierra y mar\u2019, de Canal Sur TV.<\/p>\n<p>Destaca adem\u00e1s, la participaci\u00f3n del teniente coronel Juan Luis S\u00e1nchez S\u00e1nchez, del Grupo de Operaciones Psicol\u00f3gicas del Regimiento de Inteligencia n\u00ba 1 del Ej\u00e9rcito de Tierra; el teniente coronel Jes\u00fas D\u00edez Alcalde, del Instituto Espa\u00f1ol de Estudios Estrat\u00e9gicos; el teniente coronel Francisco Jos\u00e9 V\u00e1zquez, del Servicio de Informaci\u00f3n de la Guardia Civil; Manel Castellv\u00ed del Peral, comisario general de Informaci\u00f3n de los Mossos d\u2019Esquadra-Polic\u00eda de la Generalitat o el general de Divisi\u00f3n Juan Antonio Moliner Gonz\u00e1lez, director del Gabinete T\u00e9cnico del Secretario General de Pol\u00edtica de Defensa.<\/p>\n<p>Dise\u00f1adoras como Lourdes Montes Parejo, de la firma \u2018Analien\u2019; Julio Cuesta Dom\u00ednguez, presidente de la Fundaci\u00f3n Cruzcampo; las bailaoras Eva la Yerbabuena o Isabel Bay\u00f3n; el responsable de redes sociales de la Polic\u00eda Nacional, Carlos Fern\u00e1ndez Guerra; el presidente de la Fundaci\u00f3n FACUA, Francisco S\u00e1nchez Legr\u00e1n; el analista pol\u00edtico Javier Aroca o el catedr\u00e1tico de Econom\u00eda Aplicada de la Universidad de Sevilla, Juan Torres L\u00f3pez.<\/p>\n<p>Esta nueva edici\u00f3n de los Cursos de Verano de la Universidad Pablo de Olavide <strong>cuenta con la colaboraci\u00f3n de 56 entidades p\u00fablicas y privadas<\/strong>.<\/p>\n<p>M\u00e1s informaci\u00f3n:<\/p>\n<ul>\n<li><strong><a title=\"Centro Universitario de la UPO en Carmona\" href=\"http:\/\/www.upo.es\/olavideencarmona\">www.upo.es\/olavideencarmona<\/a><\/strong><\/li>\n<li><a title=\"Cursos de Verano UPO 2015\" href=\"https:\/\/www.upo.es\/diario\/wp-content\/uploads\/2015\/05\/programas_cursos-verano-UPO-2015.pdf\" target=\"_blank\">Programaci\u00f3n de los Cursos de Verano &#8216;Olavide en Carmona&#8217; 2015 -pdf-<\/a><\/li>\n<\/ul>\n<p>&nbsp;<\/p>\n","protected":false},"excerpt":{"rendered":"<p>Los Cursos de Verano de la UPO se celebrar\u00e1n nuevamente en su XIII edici\u00f3n en la sede de Carmona, del 6 de julio al 28 de agosto, organizados en colaboraci\u00f3n con el Ayuntamiento de esta ciudad. La Casa Palacio de Los Briones acoger\u00e1 este a\u00f1o un total de 37 Cursos de Verano.<\/p>\n","protected":false},"author":6,"featured_media":0,"comment_status":"closed","ping_status":"open","sticky":false,"template":"","format":"standard","meta":{"_monsterinsights_skip_tracking":false,"_monsterinsights_sitenote_active":false,"_monsterinsights_sitenote_note":"","_monsterinsights_sitenote_category":0,"footnotes":""},"categories":[6],"tags":[1791,23,141,22,609,328,2078,47,519,334,38,106],"class_list":["post-9651693","post","type-post","status-publish","format-standard","hentry","category-institucional","tag-alcalde","tag-carmona","tag-curso","tag-cursos-de-verano","tag-especializacion","tag-formacion-permanente","tag-fundacion-cajasol","tag-fundaciones","tag-olavide-en-carmona","tag-presentacion","tag-rector","tag-vicente-c-guzman"],"_links":{"self":[{"href":"https:\/\/www.upo.es\/diario\/wp-json\/wp\/v2\/posts\/9651693","targetHints":{"allow":["GET"]}}],"collection":[{"href":"https:\/\/www.upo.es\/diario\/wp-json\/wp\/v2\/posts"}],"about":[{"href":"https:\/\/www.upo.es\/diario\/wp-json\/wp\/v2\/types\/post"}],"author":[{"embeddable":true,"href":"https:\/\/www.upo.es\/diario\/wp-json\/wp\/v2\/users\/6"}],"replies":[{"embeddable":true,"href":"https:\/\/www.upo.es\/diario\/wp-json\/wp\/v2\/comments?post=9651693"}],"version-history":[{"count":11,"href":"https:\/\/www.upo.es\/diario\/wp-json\/wp\/v2\/posts\/9651693\/revisions"}],"predecessor-version":[{"id":9675392,"href":"https:\/\/www.upo.es\/diario\/wp-json\/wp\/v2\/posts\/9651693\/revisions\/9675392"}],"wp:attachment":[{"href":"https:\/\/www.upo.es\/diario\/wp-json\/wp\/v2\/media?parent=9651693"}],"wp:term":[{"taxonomy":"category","embeddable":true,"href":"https:\/\/www.upo.es\/diario\/wp-json\/wp\/v2\/categories?post=9651693"},{"taxonomy":"post_tag","embeddable":true,"href":"https:\/\/www.upo.es\/diario\/wp-json\/wp\/v2\/tags?post=9651693"}],"curies":[{"name":"wp","href":"https:\/\/api.w.org\/{rel}","templated":true}]}}