{"id":9675393,"date":"2015-05-18T10:58:51","date_gmt":"2015-05-18T10:58:51","guid":{"rendered":"https:\/\/www.upo.es\/diario\/?p=9675393"},"modified":"2015-05-18T10:58:51","modified_gmt":"2015-05-18T10:58:51","slug":"olavide-en-carmona-ha-obtenido-un-reconocimiento-por-su-apoyo-al-proyecto-el-economato-social-el-carmen","status":"publish","type":"post","link":"https:\/\/www.upo.es\/diario\/institucional\/2015\/05\/olavide-en-carmona-ha-obtenido-un-reconocimiento-por-su-apoyo-al-proyecto-el-economato-social-el-carmen\/","title":{"rendered":"\u00abOlavide en Carmona\u00bb ha obtenido un reconocimiento por su apoyo al proyecto el Economato Social \u00abEl Carmen\u00bb"},"content":{"rendered":"<figure id=\"attachment_9675394\" aria-describedby=\"caption-attachment-9675394\" style=\"width: 600px\" class=\"wp-caption aligncenter\"><a href=\"https:\/\/www.upo.es\/diario\/wp-content\/uploads\/2015\/05\/Reconocimiento.jpg\"><img loading=\"lazy\" decoding=\"async\" class=\"size-large wp-image-9675394\" alt=\"El galard\u00f3n ha sido recogido por Francisco Hidalgo\" src=\"https:\/\/www.upo.es\/diario\/wp-content\/uploads\/2015\/05\/Reconocimiento-600x401.jpg\" width=\"600\" height=\"401\" srcset=\"https:\/\/www.upo.es\/diario\/wp-content\/uploads\/2015\/05\/Reconocimiento-600x401.jpg 600w, https:\/\/www.upo.es\/diario\/wp-content\/uploads\/2015\/05\/Reconocimiento-320x214.jpg 320w, https:\/\/www.upo.es\/diario\/wp-content\/uploads\/2015\/05\/Reconocimiento.jpg 1936w\" sizes=\"auto, (max-width: 600px) 100vw, 600px\" \/><\/a><figcaption id=\"caption-attachment-9675394\" class=\"wp-caption-text\">El galard\u00f3n ha sido recogido por Francisco Hidalgo.<\/figcaption><\/figure>\n<p>La sede de la Universidad Pablo de Olavide en Carmona \u2013 Rectora Rosario Valpuesta ha sido distinguida con un reconocimiento por parte del Economato Social \u2018El Carmen de Carmona\u2019 por su labor desinteresada y altruista a este proyecto.<\/p>\n<p>El galard\u00f3n ha sido recogido por Francisco Hidalgo Rosendo, director de la sede Olavide en Carmona, quien ha agradecido a esta instituci\u00f3n esta distinci\u00f3n y ha asegurado que la labor de las entidades y administraciones p\u00fablicas debe ser ayudar a los m\u00e1s necesitados y a todas las personas que tienen m\u00e1s dificultades.<\/p>\n<p>La sede Olavide en Carmona colabora desde hace dos a\u00f1os con el economato a trav\u00e9s de las actividades del verano cultural carmonense, un proyecto conjunto entre la UPO y el Ayuntamiento de la localidad, ofreci\u00e9ndole el beneficio de determinados eventos, como el de la zarzuela o de algunas de las obras de teatro que se representan.<\/p>\n<p>El Economato Social \u2018El Carmen de Carmona\u2019 es una entidad sin \u00e1nimo de lucro que atiende mensualmente a m\u00e1s de 300 personas de la localidad desde el a\u00f1o 2013.<\/p>\n<p>En este mismo acto han obtenido un reconocimiento otras entidades benefactoras del proyecto, como el Ayuntamiento de Carmona, El Corte Ingl\u00e9s, Fundaci\u00f3n Cajasol, el Proyecto Socio-Cultural de la Compa\u00f1\u00eda Sevillana de Zarzuela, el Grupo Ybarra y Congelados El Melli.<\/p>\n<p align=\"center\"><b>\u00a0<\/b><\/p>\n","protected":false},"excerpt":{"rendered":"<p>La sede de la Universidad Pablo de Olavide en Carmona \u2013 Rectora Rosario Valpuesta ha sido distinguida con un reconocimiento por parte del Economato Social \u2018El Carmen de Carmona\u2019 por su labor desinteresada y altruista a este proyecto. <\/p>\n","protected":false},"author":2,"featured_media":0,"comment_status":"closed","ping_status":"open","sticky":false,"template":"","format":"standard","meta":{"_monsterinsights_skip_tracking":false,"_monsterinsights_sitenote_active":false,"_monsterinsights_sitenote_note":"","_monsterinsights_sitenote_category":0,"footnotes":""},"categories":[6],"tags":[519,58],"class_list":["post-9675393","post","type-post","status-publish","format-standard","hentry","category-institucional","tag-olavide-en-carmona","tag-premio"],"_links":{"self":[{"href":"https:\/\/www.upo.es\/diario\/wp-json\/wp\/v2\/posts\/9675393","targetHints":{"allow":["GET"]}}],"collection":[{"href":"https:\/\/www.upo.es\/diario\/wp-json\/wp\/v2\/posts"}],"about":[{"href":"https:\/\/www.upo.es\/diario\/wp-json\/wp\/v2\/types\/post"}],"author":[{"embeddable":true,"href":"https:\/\/www.upo.es\/diario\/wp-json\/wp\/v2\/users\/2"}],"replies":[{"embeddable":true,"href":"https:\/\/www.upo.es\/diario\/wp-json\/wp\/v2\/comments?post=9675393"}],"version-history":[{"count":1,"href":"https:\/\/www.upo.es\/diario\/wp-json\/wp\/v2\/posts\/9675393\/revisions"}],"predecessor-version":[{"id":9675395,"href":"https:\/\/www.upo.es\/diario\/wp-json\/wp\/v2\/posts\/9675393\/revisions\/9675395"}],"wp:attachment":[{"href":"https:\/\/www.upo.es\/diario\/wp-json\/wp\/v2\/media?parent=9675393"}],"wp:term":[{"taxonomy":"category","embeddable":true,"href":"https:\/\/www.upo.es\/diario\/wp-json\/wp\/v2\/categories?post=9675393"},{"taxonomy":"post_tag","embeddable":true,"href":"https:\/\/www.upo.es\/diario\/wp-json\/wp\/v2\/tags?post=9675393"}],"curies":[{"name":"wp","href":"https:\/\/api.w.org\/{rel}","templated":true}]}}