{"id":9675639,"date":"2015-05-18T12:20:22","date_gmt":"2015-05-18T12:20:22","guid":{"rendered":"https:\/\/www.upo.es\/diario\/?p=9675639"},"modified":"2015-05-20T11:20:47","modified_gmt":"2015-05-20T11:20:47","slug":"abierta-en-la-upo-la-exposicion-niger-187","status":"publish","type":"post","link":"https:\/\/www.upo.es\/diario\/institucional\/2015\/05\/abierta-en-la-upo-la-exposicion-niger-187\/","title":{"rendered":"Abierta en la UPO la exposici\u00f3n \u201cN\u00edger: 187\u201d"},"content":{"rendered":"<figure id=\"attachment_9675641\" aria-describedby=\"caption-attachment-9675641\" style=\"width: 600px\" class=\"wp-caption aligncenter\"><a href=\"https:\/\/www.upo.es\/diario\/wp-content\/uploads\/2015\/05\/Niger-1871.jpg\"><img loading=\"lazy\" decoding=\"async\" class=\"size-large wp-image-9675641\" alt=\"En nueve paneles informativos se muestra la situaci\u00f3n de la mujer y la infancia en este pa\u00eds africano\" src=\"https:\/\/www.upo.es\/diario\/wp-content\/uploads\/2015\/05\/Niger-1871-600x383.jpg\" width=\"600\" height=\"383\" srcset=\"https:\/\/www.upo.es\/diario\/wp-content\/uploads\/2015\/05\/Niger-1871-600x383.jpg 600w, https:\/\/www.upo.es\/diario\/wp-content\/uploads\/2015\/05\/Niger-1871-320x204.jpg 320w\" sizes=\"auto, (max-width: 600px) 100vw, 600px\" \/><\/a><figcaption id=\"caption-attachment-9675641\" class=\"wp-caption-text\">En nueve paneles informativos se muestra la situaci\u00f3n de la mujer y la infancia en este pa\u00eds africano<\/figcaption><\/figure>\n<p>Hasta el viernes 29 de mayo podr\u00e1 visitarse \u00a0<strong>en la Biblioteca de la Universidad Pablo de Olavide<\/strong> la exposici\u00f3n \u201cN\u00edger: 187\u201d, <strong>organizada por la ong Infancia Sin Fronteras<\/strong>, en la que se muestra en nueve paneles informativos la situaci\u00f3n de la mujer y la infancia en este pa\u00eds africano, ordenada en torno a uno de los proyectos de cooperaci\u00f3n financiados por la Diputaci\u00f3n Provincial de Sevilla, la creaci\u00f3n de huertos asociativos gestionados por mujeres.<\/p>\n<p>La exposici\u00f3n <strong>toma su nombre del \u00faltimo puesto de N\u00edger en el \u00cdndice de Desarrollo Humano<\/strong> en la \u00faltima revisi\u00f3n, la de 2014, en la que este pa\u00eds del Sahel ocupa nuevamente el \u00faltimo lugar, el 187. Trasladadas al mundo real, estas as\u00e9pticas cifras significan que el 73% de sus habitantes viven en situaci\u00f3n de pobreza extrema, o que casi un 44% de la poblaci\u00f3n infantil se encuentra al borde de la desnutrici\u00f3n.<\/p>\n<p>El huerto asociativo gestionado por mujeres puesto en marcha por Infancia Sin Fronteras en la comunidad rural de Safo Nassarawa (Valle del R\u00edo Goulbi Maradi, N\u00edger), que ha beneficiado a 50 familias, es el eje vertebrador de esta exposici\u00f3n.<\/p>\n<p><b>El horario de la exposici\u00f3n \u201cN\u00edger: 187\u201d es de 8:30 horas a 21:00 horas de lunes a viernes.<\/b><\/p>\n","protected":false},"excerpt":{"rendered":"<p>La exposici\u00f3n toma su nombre del \u00faltimo puesto de N\u00edger en el \u00cdndice de Desarrollo Humano en la \u00faltima revisi\u00f3n, la de 2014, en la que este pa\u00eds del Sahel ocupa nuevamente el \u00faltimo lugar, el 187. <\/p>\n","protected":false},"author":6,"featured_media":0,"comment_status":"closed","ping_status":"open","sticky":false,"template":"","format":"standard","meta":{"_monsterinsights_skip_tracking":false,"_monsterinsights_sitenote_active":false,"_monsterinsights_sitenote_note":"","_monsterinsights_sitenote_category":0,"footnotes":""},"categories":[6],"tags":[125,624,575,74,453],"class_list":["post-9675639","post","type-post","status-publish","format-standard","hentry","category-institucional","tag-biblioteca","tag-cooperacion","tag-desarrollo","tag-exposiciones","tag-ong"],"_links":{"self":[{"href":"https:\/\/www.upo.es\/diario\/wp-json\/wp\/v2\/posts\/9675639","targetHints":{"allow":["GET"]}}],"collection":[{"href":"https:\/\/www.upo.es\/diario\/wp-json\/wp\/v2\/posts"}],"about":[{"href":"https:\/\/www.upo.es\/diario\/wp-json\/wp\/v2\/types\/post"}],"author":[{"embeddable":true,"href":"https:\/\/www.upo.es\/diario\/wp-json\/wp\/v2\/users\/6"}],"replies":[{"embeddable":true,"href":"https:\/\/www.upo.es\/diario\/wp-json\/wp\/v2\/comments?post=9675639"}],"version-history":[{"count":6,"href":"https:\/\/www.upo.es\/diario\/wp-json\/wp\/v2\/posts\/9675639\/revisions"}],"predecessor-version":[{"id":9687294,"href":"https:\/\/www.upo.es\/diario\/wp-json\/wp\/v2\/posts\/9675639\/revisions\/9687294"}],"wp:attachment":[{"href":"https:\/\/www.upo.es\/diario\/wp-json\/wp\/v2\/media?parent=9675639"}],"wp:term":[{"taxonomy":"category","embeddable":true,"href":"https:\/\/www.upo.es\/diario\/wp-json\/wp\/v2\/categories?post=9675639"},{"taxonomy":"post_tag","embeddable":true,"href":"https:\/\/www.upo.es\/diario\/wp-json\/wp\/v2\/tags?post=9675639"}],"curies":[{"name":"wp","href":"https:\/\/api.w.org\/{rel}","templated":true}]}}