{"id":9682210,"date":"2015-05-19T00:01:55","date_gmt":"2015-05-19T00:01:55","guid":{"rendered":"https:\/\/www.upo.es\/diario\/?p=9682210"},"modified":"2015-05-20T11:38:31","modified_gmt":"2015-05-20T11:38:31","slug":"congreso-internacional-trace-2015","status":"publish","type":"post","link":"https:\/\/www.upo.es\/diario\/institucional\/2015\/05\/congreso-internacional-trace-2015\/","title":{"rendered":"La UPO acoge desde ma\u00f1ana el congreso internacional \u201cTRACE 2015. Tree Rings in Archaeology, Climatology &#038; Ecology\u201d"},"content":{"rendered":"<figure id=\"attachment_9682212\" aria-describedby=\"caption-attachment-9682212\" style=\"width: 320px\" class=\"wp-caption alignright\"><img loading=\"lazy\" decoding=\"async\" class=\"size-medium wp-image-9682212\" alt=\"Anillos de crecimiento de un \u00e1rbol\" src=\"https:\/\/www.upo.es\/diario\/wp-content\/uploads\/2015\/05\/132_1199704-W-320x221.jpg\" width=\"320\" height=\"221\" srcset=\"https:\/\/www.upo.es\/diario\/wp-content\/uploads\/2015\/05\/132_1199704-W-320x221.jpg 320w, https:\/\/www.upo.es\/diario\/wp-content\/uploads\/2015\/05\/132_1199704-W-600x415.jpg 600w, https:\/\/www.upo.es\/diario\/wp-content\/uploads\/2015\/05\/132_1199704-W.jpg 800w\" sizes=\"auto, (max-width: 320px) 100vw, 320px\" \/><figcaption id=\"caption-attachment-9682212\" class=\"wp-caption-text\">Anillos de crecimiento de un \u00e1rbol \/\/ GEORGETTE DOUWMA \/ SCIENCE PHOTO LIBRARY<\/figcaption><\/figure>\n<p>Ma\u00f1ana mi\u00e9rcoles 20 de mayo, <strong>a las 9.45 horas en el Paraninfo de la Universidad Pablo de Olavide<\/strong>, el rector Vicente Guzm\u00e1n, junto al presidente de la Association for Tree-ring Research, Achim Bra\u00fcning, y el profesor de la UPO Ra\u00fal S\u00e1nchez-Salguero, presidir\u00e1 el acto de inauguraci\u00f3n del congreso internacional \u201c<a href=\"http:\/\/www.dendrospain.es\/\">TRACE 2015. Tree-Rings in Archaeology, Climatology &amp; Ecology<\/a>\u201d, que se celebrar\u00e1 hasta el viernes 23 de mayo en Sevilla.<\/p>\n<p>El simposio est\u00e1 organizado por la Universidad Pablo de Olavide (UPO) y la <a href=\"http:\/\/www.tree-ring.org\/\">Association for Tree-ring Research<\/a> (ATR), en colaboraci\u00f3n con el Instituto Pirenaico de Ecolog\u00eda (IPE-CSIC), Universidad de Barcelona (UB), Centro Tecnol\u00f3gico Forestal y de la Madera (CETEMAS) y Universidad de Valladolid (UVA).<\/p>\n<p>Este congreso de relevancia internacional reunir\u00e1 a investigadores y profesionales de todo el mundo para poner en com\u00fan experiencias, investigaciones y conocimientos relacionados con estudios del crecimiento vegetal a trav\u00e9s del an\u00e1lisis de los anillos anuales de la madera. En TRACE 2015 se pretende fomentar v\u00ednculos interdisciplinarios entre cient\u00edficos que utilizan o desean utilizar, desde distintos enfoques, el estudio de los anillos de crecimiento anual en su trabajo.<\/p>\n<p>El objetivo del simposio es presentar y discutir los nuevos descubrimientos y enfoques sobre dendrocronolog\u00eda. En este congreso se abordar\u00e1n todas sus aplicaciones: ecolog\u00eda, arqueolog\u00eda, climatolog\u00eda, geomorfolog\u00eda, hidrolog\u00eda, glaciolog\u00eda, incendios, anatom\u00eda y fisiolog\u00eda vegetal.<\/p>\n<p>El comit\u00e9 organizador de TRACE 2015 est\u00e1 integrado por Achim Br\u00e4uning (ATR), Juan Carlos Linares (UPO), Ra\u00fal S\u00e1nchez-Salguero (UPO), Jos\u00e9 Ignacio Seco (UPO), Jos\u00e9 Julio Camarero (IPE-CSIC), Emilia Guti\u00e9rrez (UB), Jos\u00e9 Mar\u00eda Olano (UVA), y Andrea Hevia (CETEMAS).<\/p>\n<p><a href=\"http:\/\/www.dendrospain.es\/\">www.dendrospain.es<\/a><\/p>\n<p>&nbsp;<\/p>\n","protected":false},"excerpt":{"rendered":"<p>TRACE 2015 reunir\u00e1 a investigadores y profesionales de todo el mundo para poner en com\u00fan experiencias, investigaciones y conocimientos relacionados con estudios del crecimiento vegetal a trav\u00e9s del an\u00e1lisis de los anillos anuales de la madera. El simposio est\u00e1 organizado por la Universidad Pablo de Olavide (UPO) y la Association for Tree-ring Research (ATR).<\/p>\n","protected":false},"author":6,"featured_media":0,"comment_status":"closed","ping_status":"open","sticky":false,"template":"","format":"standard","meta":{"_monsterinsights_skip_tracking":false,"_monsterinsights_sitenote_active":false,"_monsterinsights_sitenote_note":"","_monsterinsights_sitenote_category":0,"footnotes":""},"categories":[6],"tags":[128,958,354,194,923,349,345,38],"class_list":["post-9682210","post","type-post","status-publish","format-standard","hentry","category-institucional","tag-arqueologia","tag-clima","tag-congreso","tag-ecologia","tag-fisiologia","tag-inauguracion","tag-naturaleza","tag-rector"],"_links":{"self":[{"href":"https:\/\/www.upo.es\/diario\/wp-json\/wp\/v2\/posts\/9682210","targetHints":{"allow":["GET"]}}],"collection":[{"href":"https:\/\/www.upo.es\/diario\/wp-json\/wp\/v2\/posts"}],"about":[{"href":"https:\/\/www.upo.es\/diario\/wp-json\/wp\/v2\/types\/post"}],"author":[{"embeddable":true,"href":"https:\/\/www.upo.es\/diario\/wp-json\/wp\/v2\/users\/6"}],"replies":[{"embeddable":true,"href":"https:\/\/www.upo.es\/diario\/wp-json\/wp\/v2\/comments?post=9682210"}],"version-history":[{"count":10,"href":"https:\/\/www.upo.es\/diario\/wp-json\/wp\/v2\/posts\/9682210\/revisions"}],"predecessor-version":[{"id":9687298,"href":"https:\/\/www.upo.es\/diario\/wp-json\/wp\/v2\/posts\/9682210\/revisions\/9687298"}],"wp:attachment":[{"href":"https:\/\/www.upo.es\/diario\/wp-json\/wp\/v2\/media?parent=9682210"}],"wp:term":[{"taxonomy":"category","embeddable":true,"href":"https:\/\/www.upo.es\/diario\/wp-json\/wp\/v2\/categories?post=9682210"},{"taxonomy":"post_tag","embeddable":true,"href":"https:\/\/www.upo.es\/diario\/wp-json\/wp\/v2\/tags?post=9682210"}],"curies":[{"name":"wp","href":"https:\/\/api.w.org\/{rel}","templated":true}]}}