{"id":9687295,"date":"2015-05-20T11:48:09","date_gmt":"2015-05-20T11:48:09","guid":{"rendered":"https:\/\/www.upo.es\/diario\/?p=9687295"},"modified":"2015-05-22T12:13:19","modified_gmt":"2015-05-22T12:13:19","slug":"abierto-el-plazo-de-inscripcion-para-la-xi-escuela-deportiva-de-verano-y-la-iii-edicion-de-la-pequescuela","status":"publish","type":"post","link":"https:\/\/www.upo.es\/diario\/institucional\/2015\/05\/abierto-el-plazo-de-inscripcion-para-la-xi-escuela-deportiva-de-verano-y-la-iii-edicion-de-la-pequescuela\/","title":{"rendered":"Abierto el plazo de inscripci\u00f3n para la XI Escuela Deportiva de Verano y la III edici\u00f3n de la Pequescuela"},"content":{"rendered":"<figure id=\"attachment_9687545\" aria-describedby=\"caption-attachment-9687545\" style=\"width: 216px\" class=\"wp-caption alignright\"><a href=\"https:\/\/www.upo.es\/diario\/wp-content\/uploads\/2015\/05\/UPO_DEPORTIVAS_VERANO.jpg\"><img loading=\"lazy\" decoding=\"async\" class=\"size-medium wp-image-9687545\" alt=\"Tanto la Escuela como la Pequescuela se celebrar\u00e1n este a\u00f1o bajo la tem\u00e1tica \u201cViajes por el mundo antiguo\u201d. El objetivo principal es fomentar los estilos de vida saludable entre los m\u00e1s peque\u00f1os\" src=\"https:\/\/www.upo.es\/diario\/wp-content\/uploads\/2015\/05\/UPO_DEPORTIVAS_VERANO-216x320.jpg\" width=\"216\" height=\"320\" srcset=\"https:\/\/www.upo.es\/diario\/wp-content\/uploads\/2015\/05\/UPO_DEPORTIVAS_VERANO-216x320.jpg 216w, https:\/\/www.upo.es\/diario\/wp-content\/uploads\/2015\/05\/UPO_DEPORTIVAS_VERANO-406x600.jpg 406w, https:\/\/www.upo.es\/diario\/wp-content\/uploads\/2015\/05\/UPO_DEPORTIVAS_VERANO-600x885.jpg 600w, https:\/\/www.upo.es\/diario\/wp-content\/uploads\/2015\/05\/UPO_DEPORTIVAS_VERANO.jpg 1949w\" sizes=\"auto, (max-width: 216px) 100vw, 216px\" \/><\/a><figcaption id=\"caption-attachment-9687545\" class=\"wp-caption-text\">El objetivo principal es fomentar los estilos de vida saludable entre los m\u00e1s peque\u00f1os<\/figcaption><\/figure>\n<p>La Universidad Pablo de Olavide pondr\u00e1 en marcha un a\u00f1o m\u00e1s, la <strong>Escuela Deportiva de Verano<\/strong>, que ofrecer\u00e1 actividades deportivas y l\u00fadicas para ni\u00f1os de entre 6 y 14 a\u00f1os en las instalaciones de la Universidad. Esta und\u00e9cima edici\u00f3n, organizada por el Servicio de Deportes y cuyo plazo de inscripci\u00f3n se encuentra ya abierto para todo el personal de la UPO, se desarrollar\u00e1 del 24 de junio al 30 de julio.<\/p>\n<p>El plazo de inscripci\u00f3n estar\u00e1 abierto hasta el pr\u00f3ximo 31 de mayo para hijos del personal de la UPO y trabajadores de la Fundaci\u00f3n; del 1 al 7 de junio para los familiares indirectos del personal de la Universidad Pablo de Olavide (nietos y sobrinos), y a partir del 8 de junio para todo el personal ajeno a la comunidad universitaria y todo aquel que se le haya pasado su plazo.<\/p>\n<p>Igualmente, la UPO pone en marcha de nuevo la <strong>III Pequescuela Deportiva de Verano<\/strong>, destinada a ni\u00f1os con edades comprendidas entre los 3 y 6 a\u00f1os (2\u00ba ciclo de Educaci\u00f3n Infantil). El plazo de inscripci\u00f3n es el mismo que el de la Escuela Deportiva.<\/p>\n<p>Este a\u00f1o, tanto la XI Escuela como la III Pequescuela Deportiva de Verano se presentan <strong>bajo la tem\u00e1tica \u201cViajes por el mundo antiguo\u201d<\/strong>, un recorrido por la cultura egipcia, griega, china, africana y maya a trav\u00e9s de actividades deportivas, talleres y juegos. El objetivo principal de este programa es fomentar entre los m\u00e1s peque\u00f1os los estilos de vida saludables a trav\u00e9s del deporte, al mismo tiempo que se contribuye a la conciliaci\u00f3n de la vida laboral y familiar de sus padres.<\/p>\n<p>Entre las actividades previstas en la Escuela de Verano, se encuentran la pr\u00e1ctica de actividades deportivas como aikido, gimnasia acrob\u00e1tica, f\u00fatbol, rugby, baloncesto, escalada y p\u00e1del, entre otras; talleres maya (de construcci\u00f3n del Pok ta Pok), de cometas chinas, manualidades egipcias, taller relajante griego o talleres de dibujo, as\u00ed como actividades complementarias entre la que destacan juegos populares, danza africana, juegos de mesa, gymcana griega o juegos de agua bajo el nombre de juegos del r\u00edo Nilo. Adem\u00e1s, se realizar\u00e1n din\u00e1micas de grupo, teatro, bosque suspendido o proyecciones de cine.<\/p>\n<p>Todos los alumnos de la Escuela y Pequescuela estar\u00e1n atendidos por personal especializado en Psicopedagog\u00eda, Pedagog\u00eda, licenciados y graduados en Ciencias de la Actividad F\u00edsica y el Deporte, diplomados en Magisterio en las ramas de Educaci\u00f3n F\u00edsica y Educaci\u00f3n Infantil, t\u00e9cnicos superiores en Actividad F\u00edsica y Animaci\u00f3n Deportiva, as\u00ed como t\u00e9cnicos superiores en Educaci\u00f3n Infantil.<\/p>\n<p><strong>El horario ser\u00e1 de 9:00 a 14:00 horas, pero habr\u00e1 servicio de ludoteca de 8:00 a 9:00 horas y de 14:00 a 15:00 horas.<\/strong><\/p>\n<p><strong>Para m\u00e1s informaci\u00f3n e inscripciones:<\/strong> <a href=\"http:\/\/www.upo.es\/sdupo\/escuela-verano-2015\/index.jsp\">www.upo.es\/sdupo\/escuela-verano-2015\/index.jsp<\/a><\/p>\n<p>&nbsp;<\/p>\n","protected":false},"excerpt":{"rendered":"<p>La Universidad Pablo de Olavide pondr\u00e1 en marcha un a\u00f1o m\u00e1s, la Escuela Deportiva de Verano, que ofrecer\u00e1 actividades deportivas y l\u00fadicas para ni\u00f1os de entre 6 y 14 a\u00f1os en las instalaciones de la Universidad. Esta und\u00e9cima edici\u00f3n, organizada por el Servicio de Deportes y cuyo plazo de inscripci\u00f3n se encuentra ya abierto para todo el personal de la UPO, se desarrollar\u00e1 del 24 de junio al 30 de julio.<\/p>\n","protected":false},"author":4,"featured_media":0,"comment_status":"closed","ping_status":"open","sticky":false,"template":"","format":"standard","meta":{"_monsterinsights_skip_tracking":false,"_monsterinsights_sitenote_active":false,"_monsterinsights_sitenote_note":"","_monsterinsights_sitenote_category":0,"footnotes":""},"categories":[6],"tags":[231,2389,451,722,232,1535],"class_list":["post-9687295","post","type-post","status-publish","format-standard","hentry","category-institucional","tag-deportes-2","tag-escuela-deportiva-de-verano","tag-infancia","tag-pequescuela","tag-sdupo","tag-servicio-de-deporte"],"_links":{"self":[{"href":"https:\/\/www.upo.es\/diario\/wp-json\/wp\/v2\/posts\/9687295","targetHints":{"allow":["GET"]}}],"collection":[{"href":"https:\/\/www.upo.es\/diario\/wp-json\/wp\/v2\/posts"}],"about":[{"href":"https:\/\/www.upo.es\/diario\/wp-json\/wp\/v2\/types\/post"}],"author":[{"embeddable":true,"href":"https:\/\/www.upo.es\/diario\/wp-json\/wp\/v2\/users\/4"}],"replies":[{"embeddable":true,"href":"https:\/\/www.upo.es\/diario\/wp-json\/wp\/v2\/comments?post=9687295"}],"version-history":[{"count":6,"href":"https:\/\/www.upo.es\/diario\/wp-json\/wp\/v2\/posts\/9687295\/revisions"}],"predecessor-version":[{"id":9699588,"href":"https:\/\/www.upo.es\/diario\/wp-json\/wp\/v2\/posts\/9687295\/revisions\/9699588"}],"wp:attachment":[{"href":"https:\/\/www.upo.es\/diario\/wp-json\/wp\/v2\/media?parent=9687295"}],"wp:term":[{"taxonomy":"category","embeddable":true,"href":"https:\/\/www.upo.es\/diario\/wp-json\/wp\/v2\/categories?post=9687295"},{"taxonomy":"post_tag","embeddable":true,"href":"https:\/\/www.upo.es\/diario\/wp-json\/wp\/v2\/tags?post=9687295"}],"curies":[{"name":"wp","href":"https:\/\/api.w.org\/{rel}","templated":true}]}}