{"id":9700062,"date":"2015-05-25T12:20:16","date_gmt":"2015-05-25T12:20:16","guid":{"rendered":"https:\/\/www.upo.es\/diario\/?p=9700062"},"modified":"2015-05-26T06:23:25","modified_gmt":"2015-05-26T06:23:25","slug":"workshop-cambio-europa-antigua","status":"publish","type":"post","link":"https:\/\/www.upo.es\/diario\/ciencia\/2015\/05\/workshop-cambio-europa-antigua\/","title":{"rendered":"La Europa Antigua re\u00fane desde hoy en Sevilla a expertos en arqueolog\u00eda de Espa\u00f1a y Alemania"},"content":{"rendered":"<figure id=\"attachment_9717558\" aria-describedby=\"caption-attachment-9717558\" style=\"width: 600px\" class=\"wp-caption aligncenter\"><a href=\"https:\/\/www.upo.es\/diario\/wp-content\/uploads\/2015\/05\/ws_hispanoaleman.jpg\"><img loading=\"lazy\" decoding=\"async\" class=\"size-large wp-image-9717558 \" alt=\"El workshop tiene lugar en la Casa de la Provincia\" src=\"https:\/\/www.upo.es\/diario\/wp-content\/uploads\/2015\/05\/ws_hispanoaleman-600x337.jpg\" width=\"600\" height=\"337\" srcset=\"https:\/\/www.upo.es\/diario\/wp-content\/uploads\/2015\/05\/ws_hispanoaleman-600x337.jpg 600w, https:\/\/www.upo.es\/diario\/wp-content\/uploads\/2015\/05\/ws_hispanoaleman-320x180.jpg 320w, https:\/\/www.upo.es\/diario\/wp-content\/uploads\/2015\/05\/ws_hispanoaleman.jpg 1280w\" sizes=\"auto, (max-width: 600px) 100vw, 600px\" \/><\/a><figcaption id=\"caption-attachment-9717558\" class=\"wp-caption-text\">Desde la derecha, Rafael Hidalgo Prieto, profesor de Arqueolog\u00eda de la UPO y coordinador del simposio; Pilar Le\u00f3n-Castro Alonso, catedr\u00e1tica de Arqueolog\u00eda de la US; Pilar Rodr\u00edguez Reina, vicerrectora de Internacionalizaci\u00f3n y Comunicaci\u00f3n de la UPO; Dirce Marzoli, directora del Instituto Arqueol\u00f3gico Alem\u00e1n de Madrid, y Felix Teichner, profesor de Arqueolog\u00eda de la Universidad de Marburg<\/figcaption><\/figure>\n<p>Pilar Rodr\u00edguez Reina, vicerrectora de Internacionalizaci\u00f3n y Comunicaci\u00f3n de la Universidad Pablo de Olavide, ha inaugurado esta ma\u00f1ana en la Casa de la Provincia el <strong>workshop \u201cCrisis econ\u00f3mica, transformaci\u00f3n estructural y migraci\u00f3n en la Europa Antigua\u201d<\/strong>, junto a Dirce Marzoli, directora del Instituto Arqueol\u00f3gico Alem\u00e1n de Madrid, Pilar Le\u00f3n-Castro Alonso, catedr\u00e1tica de Arqueolog\u00eda de la US, y Rafael Hidalgo Prieto y Felix Teichner, profesores de Arqueolog\u00eda, respectivamente de la <a href=\"http:\/\/www.upo.es\/portal\/impe\/web\/portada\">Universidad Pablo de Olavide<\/a> y de la <a href=\"http:\/\/www.uni-marburg.de\/\">Universidad de Marburg<\/a>, coordinadores de este simposio.<\/p>\n<p>Especialistas\u00a0 de las universidades de Murcia, UPO, UNED, C\u00e1diz, Lisboa, Iasi, Mainz, Barcelona, Marburg y Southampton, adem\u00e1s del\u00a0 Instituto Arqueol\u00f3gico Alem\u00e1n de Madrid, del CSIC y del Instituto Catal\u00e1n de Arqueolog\u00eda Cl\u00e1sica se dan cita en Sevilla para <strong>analizar los aspectos pol\u00edticos, econ\u00f3micos, sociales y culturales que intervinieron en la transformaci\u00f3n de la Europa Antigua, con especial atenci\u00f3n a la Hispania<\/strong> Antigua.<\/p>\n<p>El workshop, que se desarrolla hoy lunes y el pr\u00f3ximo jueves 28 de mayo, est\u00e1 organizado por las universidades de Marburg y\u00a0 Pablo de Olavide, con la colaboraci\u00f3n de la Fundaci\u00f3n de Estudios\u00a0 Cl\u00e1sicos It\u00e1lica y del Conjunto Arqueol\u00f3gico de It\u00e1lica. Adem\u00e1s, el workshop cuenta como complemento con la impartici\u00f3n de sesiones pr\u00e1cticas que se efectuar\u00e1n ma\u00f1ana martes y el mi\u00e9rcoles\u00a0 en el Conjunto Arqueol\u00f3gico de It\u00e1lica.<\/p>\n<p>&gt; <a href=\"http:\/\/www.upo.es\/export\/portal\/com\/bin\/portal\/fhum\/noticias\/Workshop_hispano_aleman_Crisis_economica_transformacion_estructural_y_migracion_Europa_antigua\/1426834187018_deutsch-iberisches_projekt_flyer_mini.pdf\" target=\"_blank\">Workshop \u201cCrisis econ\u00f3mica, transformaci\u00f3n estructural y migraci\u00f3n en la Europa Antigua\u201d &#8211; Programa (pdf)<\/a><\/p>\n<p>&nbsp;<\/p>\n","protected":false},"excerpt":{"rendered":"<p>Pilar Rodr\u00edguez Reina, vicerrectora de Internacionalizaci\u00f3n y Comunicaci\u00f3n de la Universidad Pablo de Olavide, ha inaugurado esta ma\u00f1ana en la Casa de la Provincia el workshop \u201cCrisis econ\u00f3mica, transformaci\u00f3n estructural y migraci\u00f3n en la Europa Antigua\u201d, junto a Dirce Marzoli, directora del Instituto Arqueol\u00f3gico Alem\u00e1n de Madrid, Pilar Le\u00f3n-Castro Alonso, catedr\u00e1tica de Arqueolog\u00eda de la US, y Rafael Hidalgo Prieto y Felix Teichner, profesores de Arqueolog\u00eda, respectivamente de la Universidad Pablo de Olavide y de la Universidad de Marburg, coordinadores de este simposio.<\/p>\n","protected":false},"author":6,"featured_media":0,"comment_status":"closed","ping_status":"open","sticky":false,"template":"","format":"standard","meta":{"_monsterinsights_skip_tracking":false,"_monsterinsights_sitenote_active":false,"_monsterinsights_sitenote_note":"","_monsterinsights_sitenote_category":0,"footnotes":""},"categories":[3],"tags":[864,128,454,150,2241,953,39,5837],"class_list":["post-9700062","post","type-post","status-publish","format-standard","hentry","category-ciencia","tag-alemania","tag-arqueologia","tag-europa","tag-historia","tag-historia-antigua","tag-inmigracion","tag-universidades","tag-workshop"],"_links":{"self":[{"href":"https:\/\/www.upo.es\/diario\/wp-json\/wp\/v2\/posts\/9700062","targetHints":{"allow":["GET"]}}],"collection":[{"href":"https:\/\/www.upo.es\/diario\/wp-json\/wp\/v2\/posts"}],"about":[{"href":"https:\/\/www.upo.es\/diario\/wp-json\/wp\/v2\/types\/post"}],"author":[{"embeddable":true,"href":"https:\/\/www.upo.es\/diario\/wp-json\/wp\/v2\/users\/6"}],"replies":[{"embeddable":true,"href":"https:\/\/www.upo.es\/diario\/wp-json\/wp\/v2\/comments?post=9700062"}],"version-history":[{"count":12,"href":"https:\/\/www.upo.es\/diario\/wp-json\/wp\/v2\/posts\/9700062\/revisions"}],"predecessor-version":[{"id":9722565,"href":"https:\/\/www.upo.es\/diario\/wp-json\/wp\/v2\/posts\/9700062\/revisions\/9722565"}],"wp:attachment":[{"href":"https:\/\/www.upo.es\/diario\/wp-json\/wp\/v2\/media?parent=9700062"}],"wp:term":[{"taxonomy":"category","embeddable":true,"href":"https:\/\/www.upo.es\/diario\/wp-json\/wp\/v2\/categories?post=9700062"},{"taxonomy":"post_tag","embeddable":true,"href":"https:\/\/www.upo.es\/diario\/wp-json\/wp\/v2\/tags?post=9700062"}],"curies":[{"name":"wp","href":"https:\/\/api.w.org\/{rel}","templated":true}]}}